{"id":28891,"date":"2025-07-09T09:11:21","date_gmt":"2025-07-09T12:11:21","guid":{"rendered":"https:\/\/mussicom.com\/eleicoes-2026-prazo-para-tirar-transferir-ou-regularizar-titulo-termina-em-dez-meses\/"},"modified":"2025-07-09T09:11:21","modified_gmt":"2025-07-09T12:11:21","slug":"eleicoes-2026-prazo-para-tirar-transferir-ou-regularizar-titulo-termina-em-dez-meses","status":"publish","type":"post","link":"https:\/\/mussicom.com\/noticias\/eleicoes-2026-prazo-para-tirar-transferir-ou-regularizar-titulo-termina-em-dez-meses\/","title":{"rendered":"Elei\u00e7\u00f5es 2026: prazo para tirar, transferir ou regularizar t\u00edtulo termina em dez meses"},"content":{"rendered":"<p> <br \/>\n<\/p>\n<p>\n\t\t\t\t\t\tAp\u00f3s pagar os d\u00e9bitos, essas pessoas devem requerer revis\u00e3o de dados ou transfer\u00eancia de domic\u00edlio no\u00a0Autoatendimento\u00a0(op\u00e7\u00e3o 3) ou em um cart\u00f3rio<br \/>\n\t\t\t\t\t\t &#8211; \t\t\t\t\t\tDivulga\u00e7\u00e3o\n\t\t\t\t\t<\/p>\n<div id=\"texto\">\n<p>Eleitoras e eleitores que v\u00e3o \u00e0s urnas no pr\u00f3ximo ano t\u00eam dez meses para tirar, transferir ou regularizar o t\u00edtulo para votar nas elei\u00e7\u00f5es 2026. A data-limite para solicitar o documento ou resolver pend\u00eancias com a Justi\u00e7a Eleitoral \u00e9 6 de maio. Conforme a Lei das Elei\u00e7\u00f5es (Lei n\u00ba 9.504\/1997), o cadastro eleitoral fecha dentro dos 150 dias anteriores \u00e0 data da vota\u00e7\u00e3o, que, em 2026, ocorre em 4 de outubro. A legisla\u00e7\u00e3o prev\u00ea o fechamento do cadastro para que a Justi\u00e7a Eleitoral possa organizar a vota\u00e7\u00e3o com base num n\u00famero determinado de eleitores e eleitoras aptos a votar. No pr\u00f3ximo pleito, estar\u00e3o em disputa os cargos de presidente da Rep\u00fablica, governador, senador, deputado federal e deputado estadual.<\/p>\n<p>\u00a0<\/p>\n<p>Os servi\u00e7os de emiss\u00e3o ou regulariza\u00e7\u00e3o do t\u00edtulo s\u00e3o oferecidos de forma totalmente gratuita, nos cart\u00f3rios ou pelo\u00a0Autoatendimento Eleitoral. Quem ainda n\u00e3o tem a biometria cadastrada deve, obrigatoriamente, comparecer a uma unidade cartor\u00e1ria de forma presencial, para fazer a coleta dos dados biom\u00e9tricos. Esse \u00e9 o caso, por exemplo, das pessoas que ainda n\u00e3o tiraram o t\u00edtulo. No estado, o atendimento ao p\u00fablico \u00e9 feito de segunda a sexta, das 11h \u00e0s 17h. \u00c9 necess\u00e1rio fazer\u00a0agendamento pr\u00e9vio\u00a0pelo site do Tribunal Regional Eleitoral de S\u00e3o Paulo (TRE-SP) antes de ir ao cart\u00f3rio. Atualmente, dos mais de 33,2 milh\u00f5es votantes do estado, 29,1 milh\u00f5es (87% do total) possuem biometria cadastrada.<\/p>\n<p>\u00a0<\/p>\n<p>No dia do atendimento agendado, \u00e9 necess\u00e1rio levar documento oficial com foto e comprovante de endere\u00e7o recente. As pessoas do g\u00eanero masculino que solicitam o t\u00edtulo no ano em que completam 19 anos tamb\u00e9m devem apresentar o certificado de quita\u00e7\u00e3o do servi\u00e7o militar. J\u00e1 no requerimento pela internet, a eleitora ou eleitor precisar\u00e1, ainda, anexar uma foto em estilo selfie, segurando o documento de identidade ao lado do rosto.<\/p>\n<p>\u00a0<\/p>\n<p><strong>675 mil atendimentos no 1\u00ba semestre<\/strong><\/p>\n<p>\u00a0<\/p>\n<p>Entre janeiro e junho deste ano, 674.867 pessoas buscaram os servi\u00e7os da Justi\u00e7a Eleitoral em S\u00e3o Paulo para tirar, transferir ou regularizar o t\u00edtulo. Do total de atendimentos do 1\u00ba semestre, foram registrados 285.111 alistamentos (emiss\u00f5es do t\u00edtulo), 260.188 revis\u00f5es (atualiza\u00e7\u00f5es cadastrais) e 129.568 transfer\u00eancias de domic\u00edlio eleitoral. Dos alistamentos, 65.063 foram de jovens de 15 a 17 anos, 22,8% do total.<\/p>\n<p>\u00a0<\/p>\n<p>De acordo com a Constitui\u00e7\u00e3o Federal, o voto \u00e9 obrigat\u00f3rio para quem tem entre 18 e 70 anos e facultativo para os analfabetos e os maiores de 70. Os jovens podem tirar o t\u00edtulo a partir dos\u00a015 anos, no entanto, s\u00f3 podem votar, de forma facultativa, ao completarem 16 anos at\u00e9 o dia da elei\u00e7\u00e3o.<\/p>\n<p><strong>Como regularizar o t\u00edtulo cancelado<\/strong><\/p>\n<p>\u00a0<\/p>\n<p>Quem est\u00e1 com o t\u00edtulo cancelado porque n\u00e3o votou, n\u00e3o justificou a aus\u00eancia \u00e0s urnas em tr\u00eas turnos consecutivos de elei\u00e7\u00e3o nem regularizou a situa\u00e7\u00e3o por meio do pagamento de multa tamb\u00e9m deve resolver a pend\u00eancia para votar em 2026. Em S\u00e3o Paulo, a Justi\u00e7a Eleitoral cancelou 1.304.783 t\u00edtulos por essa situa\u00e7\u00e3o, n\u00famero correspondente a 25% do total do pa\u00eds, que foi de 5.042.047 documentos\u00a0cancelados.<\/p>\n<p>\u00a0<\/p>\n<p>Para ficar com o documento em dia, \u00e9 necess\u00e1rio quitar eventuais multas no valor de R$ 3,51 por turno em que a pessoa deixou de votar ou de justificar a aus\u00eancia. O pagamento pode ser feito on-line, inclusive via Pix, por meio do\u00a0Autoatendimento\u00a0(clicar em &#8220;D\u00e9bito Eleitoral&#8221;, informar os dados e, em seguida, escolher uma das op\u00e7\u00f5es: &#8220;Emitir Boleto&#8221; ou &#8220;Pagar via Pix&#8221;) ou pelo\u00a0aplicativo e-T\u00edtulo\u00a0(&#8220;Mais op\u00e7\u00f5es&#8221; depois &#8220;Pagar Multa Eleitoral).<\/p>\n<p>\u00a0<\/p>\n<p>Ap\u00f3s pagar os d\u00e9bitos, essas pessoas devem requerer revis\u00e3o de dados ou transfer\u00eancia de domic\u00edlio no\u00a0Autoatendimento\u00a0(op\u00e7\u00e3o 3) ou em um cart\u00f3rio. \u00c9 poss\u00edvel procurar qualquer cart\u00f3rio do estado, independentemente da zona eleitoral \u00e0 qual seu t\u00edtulo est\u00e1 vinculado (consulte os\u00a0endere\u00e7os\u00a0das unidades).<\/p>\n<p>\u00a0<\/p>\n<p><strong>D\u00favidas sobre a situa\u00e7\u00e3o eleitoral<\/strong><\/p>\n<p>\u00a0<\/p>\n<p>Aqueles que n\u00e3o sabem a situa\u00e7\u00e3o do t\u00edtulo podem realizar consulta sobre o documento tamb\u00e9m pela p\u00e1gina de\u00a0Autoatendimento\u00a0(clicar em &#8220;T\u00edtulo Eleitoral&#8221; e, na p\u00e1gina seguinte, na op\u00e7\u00e3o 7, &#8220;Consultar situa\u00e7\u00e3o eleitoral&#8221;) ou pelo\u00a0e-T\u00edtulo\u00a0(clicar em &#8220;Mais op\u00e7\u00f5es&#8221; na barra inferior da tela).<\/p>\n<p>\u00a0<\/p>\n<p>Al\u00e9m dos cart\u00f3rios e do atendimento on-line, o eleitorado paulista conta com a Central de Atendimento ao Eleitor (n\u00famero 148). O servi\u00e7o disp\u00f5e da ferramenta URA (Unidade de Resposta Aud\u00edvel), que fornece informa\u00e7\u00f5es 24 horas, todos os dias, inclusive nos fins de semana e feriados. No mesmo n\u00famero \u00e9 poss\u00edvel falar com atendentes de segunda a sexta-feira, das 9h \u00e0s 18h, exceto feriados.<\/p>\n<p>\u00a0<\/p>\n<p>O TRE-SP orienta eleitores e eleitores a n\u00e3o deixarem para resolver pend\u00eancias com o t\u00edtulo de \u00faltima hora, a fim de evitar poss\u00edveis filas e assegurar o direito de exercer voto no pr\u00f3ximo ano.<\/p>\n<\/p><\/div>\n<p><script async defer crossorigin=\"anonymous\" src=\"https:\/\/connect.facebook.net\/pt_BR\/sdk.js#xfbml=1&#038;version=v12.0&#038;appId=&#038;autoLogAppEvents=1\" nonce=\"ou0fI1lo\"><\/script><br \/>\n<br \/><br \/>\n<br \/>Fonte: <a href=\"https:\/\/www.bs9.com.br\/brasil\/eleicoes-2026-prazo-para-tirar-transferir-ou-regularizar-titulo\/33113\/\">BS9<\/a><\/p>\n","protected":false},"excerpt":{"rendered":"<p>Ap\u00f3s pagar os d\u00e9bitos, essas pessoas devem requerer revis\u00e3o de dados ou transfer\u00eancia de domic\u00edlio no\u00a0Autoatendimento\u00a0(op\u00e7\u00e3o 3) ou em um cart\u00f3rio &#8211; Divulga\u00e7\u00e3o Eleitoras e eleitores que v\u00e3o \u00e0s urnas no pr\u00f3ximo ano t\u00eam dez meses para tirar, transferir ou regularizar o t\u00edtulo para votar nas elei\u00e7\u00f5es 2026. A data-limite para solicitar o documento ou [&hellip;]<\/p>\n","protected":false},"author":5,"featured_media":28892,"comment_status":"open","ping_status":"open","sticky":false,"template":"","format":"standard","meta":{"_seopress_robots_primary_cat":"","_seopress_titles_title":"","_seopress_titles_desc":"","_seopress_robots_index":"","footnotes":""},"categories":[52],"tags":[],"class_list":["post-28891","post","type-post","status-publish","format-standard","has-post-thumbnail","hentry","category-santoseregiao"],"_links":{"self":[{"href":"https:\/\/mussicom.com\/noticias\/wp-json\/wp\/v2\/posts\/28891","targetHints":{"allow":["GET"]}}],"collection":[{"href":"https:\/\/mussicom.com\/noticias\/wp-json\/wp\/v2\/posts"}],"about":[{"href":"https:\/\/mussicom.com\/noticias\/wp-json\/wp\/v2\/types\/post"}],"author":[{"embeddable":true,"href":"https:\/\/mussicom.com\/noticias\/wp-json\/wp\/v2\/users\/5"}],"replies":[{"embeddable":true,"href":"https:\/\/mussicom.com\/noticias\/wp-json\/wp\/v2\/comments?post=28891"}],"version-history":[{"count":0,"href":"https:\/\/mussicom.com\/noticias\/wp-json\/wp\/v2\/posts\/28891\/revisions"}],"wp:featuredmedia":[{"embeddable":true,"href":"https:\/\/mussicom.com\/noticias\/wp-json\/wp\/v2\/media\/28892"}],"wp:attachment":[{"href":"https:\/\/mussicom.com\/noticias\/wp-json\/wp\/v2\/media?parent=28891"}],"wp:term":[{"taxonomy":"category","embeddable":true,"href":"https:\/\/mussicom.com\/noticias\/wp-json\/wp\/v2\/categories?post=28891"},{"taxonomy":"post_tag","embeddable":true,"href":"https:\/\/mussicom.com\/noticias\/wp-json\/wp\/v2\/tags?post=28891"}],"curies":[{"name":"wp","href":"https:\/\/api.w.org\/{rel}","templated":true}]}}