{"id":28825,"date":"2025-07-08T19:05:13","date_gmt":"2025-07-08T22:05:13","guid":{"rendered":"https:\/\/mussicom.com\/brasil-reduz-mortalidade-por-hepatites-mostra-boletim\/"},"modified":"2025-07-08T19:05:13","modified_gmt":"2025-07-08T22:05:13","slug":"brasil-reduz-mortalidade-por-hepatites-mostra-boletim","status":"publish","type":"post","link":"https:\/\/mussicom.com\/noticias\/brasil-reduz-mortalidade-por-hepatites-mostra-boletim\/","title":{"rendered":"Brasil reduz mortalidade por hepatites, mostra boletim"},"content":{"rendered":"<p> <br \/>\n<\/p>\n<div>\n<p>O Brasil conseguiu reduzir a mortalidade por hepatites nos \u00faltimos dez anos com o avan\u00e7o da vacina\u00e7\u00e3o. \u00c9 o que indica o Boletim Epidemiol\u00f3gico de Hepatites Virais, lan\u00e7ado nesta ter\u00e7a-feira (8) pelo Minist\u00e9rio da Sa\u00fade. O levantamento traz um panorama dessas doen\u00e7as no pa\u00eds. A iniciativa integra a mobiliza\u00e7\u00e3o do Julho Amarelo, m\u00eas dedicado \u00e0 conscientiza\u00e7\u00e3o sobre o tema.<img decoding=\"async\" src=\"https:\/\/agenciabrasil.ebc.com.br\/ebc.gif?id=1650091&amp;o=node\" style=\"width:1px; height:1px; display:inline;\"\/><\/p>\n<p><strong>Segundo o boletim, em rela\u00e7\u00e3o \u00e0 hepatite B,\u00a0entre 2014 e 2024,\u00a0o Brasil registrou uma queda de 50% do coeficiente de mortalidade,<\/strong>\u00a0que\u00a0passou de 0,2 \u00f3bito por grupo de 100 mil habitantes para 0,1 \u00f3bito\u00a0por 100 mil habitantes.<\/p>\n<p><strong>No caso da hepatite C, houve redu\u00e7\u00e3o de 60%<\/strong>.\u00a0Em 2024, o coeficiente de mortalidade no pa\u00eds foi de 0,4 \u00f3bito por 100 mil habitantes. Em 2014, era de uma morte por 100 mil habitantes.<\/p>\n<p><strong>A meta, at\u00e9 2030, \u00e9 reduzir os \u00f3bitos por hepatites virais em 65% e a incid\u00eancia dessas doen\u00e7as\u00a0em 90%,<\/strong> seguindo recomenda\u00e7\u00f5es da Organiza\u00e7\u00e3o Mundial da Sa\u00fade (OMS).<\/p>\n<blockquote>\n<p>&#8220;A OMS preconiza como meta de elimina\u00e7\u00e3o, como problema de sa\u00fade p\u00fablica, at\u00e9 2030 uma queda de 65% na mortalidade, entre 2015 e 2030. Em 2025, n\u00f3s j\u00e1 estamos atingindo 60%, isso nos coloca realmente, de fato, no caminho para eliminar essas doen\u00e7as como problema de sa\u00fade p\u00fablica, dentro desse prazo, at\u00e9 2030\u201d, destacou o coordenador-geral de Vigil\u00e2ncia das Hepatites Virais do Minist\u00e9rio da Sa\u00fade, Mario Gonzales.<\/p>\n<\/blockquote>\n<p>\u00a0<\/p>\n<div class=\"dnd-widget-wrapper context-cheio_8colunas type-image\">\n<div class=\"dnd-atom-rendered\"><!-- scald=430336:cheio_8colunas --><br \/>\n            <img decoding=\"async\" src=\"https:\/\/imagens.ebc.com.br\/sgcTZz_D23uODzaNa4x1B2YW4uA=\/754x0\/smart\/https:\/\/agenciabrasil.ebc.com.br\/sites\/default\/files\/thumbnails\/image\/2025\/07\/08\/0d7a9840.jpg?itok=tsiUNhAP\" alt=\"Bras\u00edlia (DF), 08\/07\/2025 - O coordenador-geral de Vigil\u00e2ncia de Hepatites Virais, M\u00e1rio Gonzales, durante lan\u00e7amento da campanha publicit\u00e1ria nacional para elimina\u00e7\u00e3o das hepatites virais no pa\u00eds. A campanha, que refor\u00e7a a import\u00e2ncia da testagem, vacina\u00e7\u00e3o e tratamento, faz parte da mobiliza\u00e7\u00e3o do Julho Amarelo, m\u00eas dedicado \u00e0 conscientiza\u00e7\u00e3o sobre o tema. Foto: Valter Campanato\/Ag\u00eancia Brasil\" title=\"Valter Campanato\/Ag\u00eancia Brasil\"\/><br \/>\n        <img decoding=\"async\" src=\"https:\/\/imagens.ebc.com.br\/sgcTZz_D23uODzaNa4x1B2YW4uA=\/754x0\/smart\/https:\/\/agenciabrasil.ebc.com.br\/sites\/default\/files\/thumbnails\/image\/2025\/07\/08\/0d7a9840.jpg?itok=tsiUNhAP\" alt=\"Bras\u00edlia (DF), 08\/07\/2025 - O coordenador-geral de Vigil\u00e2ncia de Hepatites Virais, M\u00e1rio Gonzales, durante lan\u00e7amento da campanha publicit\u00e1ria nacional para elimina\u00e7\u00e3o das hepatites virais no pa\u00eds. A campanha, que refor\u00e7a a import\u00e2ncia da testagem, vacina\u00e7\u00e3o e tratamento, faz parte da mobiliza\u00e7\u00e3o do Julho Amarelo, m\u00eas dedicado \u00e0 conscientiza\u00e7\u00e3o sobre o tema. Foto: Valter Campanato\/Ag\u00eancia Brasil\" title=\"Valter Campanato\/Ag\u00eancia Brasil\"\/><br \/>\n    <!-- END scald=430336 --><\/div>\n<div class=\"dnd-caption-wrapper\">\n<p>O coordenador-geral de Vigil\u00e2ncia das\u00a0Hepatites Virais, Mario Gonzales, durante lan\u00e7amento da campanha para elimina\u00e7\u00e3o das hepatites virais no pa\u00eds &#8211; <strong>Foto:\u00a0Valter Campanato\/Ag\u00eancia Brasil<\/strong><!--END copyright=430336--><\/p>\n<\/div>\n<\/div>\n<p>O ministro da Sa\u00fade, Alexandre Padilha, agradeceu o trabalho dos profissionais de sa\u00fade, especialmente pela melhora nos dados da cobertura vacinal entre crian\u00e7as e rec\u00e9m-nascidos para hepatite B.<\/p>\n<blockquote>\n<p>&#8220;Os profissionais de sa\u00fade que est\u00e3o l\u00e1 nas unidades de base de sa\u00fade, quem cuida das salas de vacina\u00e7\u00e3o, o esfor\u00e7o de orienta\u00e7\u00e3o do Minist\u00e9rio da Sa\u00fade, est\u00e1 reivindicado. Recuperando esse hist\u00f3rico. Sa\u00edmos de 82,7% em 2022, voltamos para 94,19% em 2023 e agora nossa miss\u00e3o \u00e9 s\u00f3 crescer cada vez mais\u201d, disse o ministro.<\/p>\n<\/blockquote>\n<p>Padilha tamb\u00e9m destacou o fato de o Brasil ter desenvolvido sistemas de coleta de dados que permitem analisar uma s\u00e9rie hist\u00f3rica e avaliar o quanto o pa\u00eds avan\u00e7ou no enfrentamento \u00e0s hepatites virais, com expans\u00e3o da oferta de vacinas.<\/p>\n<h2>Monitoramento<\/h2>\n<p><strong>Na ocasi\u00e3o, tamb\u00e9m foi apresentada uma plataforma in\u00e9dita de monitoramento e de apoio \u00e0 busca ativa e ao cuidado da popula\u00e7\u00e3o. <\/strong>Segundo Gonzales, a ferramenta servir\u00e1 para que estados e munic\u00edpios identifiquem onde est\u00e3o as principais lacunas para a elimina\u00e7\u00e3o das hepatites virais no pa\u00eds.<\/p>\n<p>Para o coordenador de Emerg\u00eancias, Evid\u00eancia e Intelig\u00eancia em Sa\u00fade do escrit\u00f3rio da Organiza\u00e7\u00e3o Pan-Americana da Sa\u00fade (Opas) no Brasil, Alex Rosewell, o Minist\u00e9rio da Sa\u00fade est\u00e1 conduzindo de maneira consistente a elimina\u00e7\u00e3o das hepatites virais, que s\u00e3o uma amea\u00e7a grande na sa\u00fade p\u00fablica no mundo.<\/p>\n<p>Segundo ele, a iniciativa da Opas\u00a0visa &#8220;eliminar as hepatites virais at\u00e9 2030, uma meta bem alinhada com as metas do Programa Brasil Saud\u00e1vel do SUS&#8221;. &#8220;Gostaria parabenizar o Minist\u00e9rio da Sa\u00fade e do SUS pelos avan\u00e7os impressionantes na redu\u00e7\u00e3o da transmiss\u00e3o e mortalidade que acabamos de ver na apresenta\u00e7\u00e3o\u201d, ressaltou.<\/p>\n<p>Como parte das a\u00e7\u00f5es para a elimina\u00e7\u00e3o das hepatites virais no pa\u00eds, tamb\u00e9m foi lan\u00e7ada a campanha publicit\u00e1ria \u201cUm Teste Pode Mudar Tudo\u201d, que refor\u00e7a a import\u00e2ncia da testagem, vacina\u00e7\u00e3o e tratamento da doen\u00e7a.<\/p>\n<p>      <!-- Relacionada --><\/p>\n<p>            <!-- Relacionada -->\n    <\/div>\n<p><br \/>\n<br \/>Fonte: <a href=\"https:\/\/agenciabrasil.ebc.com.br\/saude\/noticia\/2025-07\/brasil-reduz-mortalidade-por-hepatites-mostra-boletim\">Ag\u00eancia Brasil<\/a><\/p>\n","protected":false},"excerpt":{"rendered":"<p>O Brasil conseguiu reduzir a mortalidade por hepatites nos \u00faltimos dez anos com o avan\u00e7o da vacina\u00e7\u00e3o. \u00c9 o que indica o Boletim Epidemiol\u00f3gico de Hepatites Virais, lan\u00e7ado nesta ter\u00e7a-feira (8) pelo Minist\u00e9rio da Sa\u00fade. O levantamento traz um panorama dessas doen\u00e7as no pa\u00eds. A iniciativa integra a mobiliza\u00e7\u00e3o do Julho Amarelo, m\u00eas dedicado \u00e0 [&hellip;]<\/p>\n","protected":false},"author":5,"featured_media":28826,"comment_status":"open","ping_status":"open","sticky":false,"template":"","format":"standard","meta":{"_seopress_robots_primary_cat":"","_seopress_titles_title":"","_seopress_titles_desc":"","_seopress_robots_index":"","footnotes":""},"categories":[46],"tags":[],"class_list":["post-28825","post","type-post","status-publish","format-standard","has-post-thumbnail","hentry","category-saude"],"_links":{"self":[{"href":"https:\/\/mussicom.com\/noticias\/wp-json\/wp\/v2\/posts\/28825","targetHints":{"allow":["GET"]}}],"collection":[{"href":"https:\/\/mussicom.com\/noticias\/wp-json\/wp\/v2\/posts"}],"about":[{"href":"https:\/\/mussicom.com\/noticias\/wp-json\/wp\/v2\/types\/post"}],"author":[{"embeddable":true,"href":"https:\/\/mussicom.com\/noticias\/wp-json\/wp\/v2\/users\/5"}],"replies":[{"embeddable":true,"href":"https:\/\/mussicom.com\/noticias\/wp-json\/wp\/v2\/comments?post=28825"}],"version-history":[{"count":0,"href":"https:\/\/mussicom.com\/noticias\/wp-json\/wp\/v2\/posts\/28825\/revisions"}],"wp:featuredmedia":[{"embeddable":true,"href":"https:\/\/mussicom.com\/noticias\/wp-json\/wp\/v2\/media\/28826"}],"wp:attachment":[{"href":"https:\/\/mussicom.com\/noticias\/wp-json\/wp\/v2\/media?parent=28825"}],"wp:term":[{"taxonomy":"category","embeddable":true,"href":"https:\/\/mussicom.com\/noticias\/wp-json\/wp\/v2\/categories?post=28825"},{"taxonomy":"post_tag","embeddable":true,"href":"https:\/\/mussicom.com\/noticias\/wp-json\/wp\/v2\/tags?post=28825"}],"curies":[{"name":"wp","href":"https:\/\/api.w.org\/{rel}","templated":true}]}}