{"id":28753,"date":"2025-07-08T02:32:36","date_gmt":"2025-07-08T05:32:36","guid":{"rendered":"https:\/\/mussicom.com\/p2-de-sao-vicente-intercepta-drogas-com-companheira-de-detento-no-horario-de-visitas\/"},"modified":"2025-07-08T02:32:36","modified_gmt":"2025-07-08T05:32:36","slug":"p2-de-sao-vicente-intercepta-drogas-com-companheira-de-detento-no-horario-de-visitas","status":"publish","type":"post","link":"https:\/\/mussicom.com\/noticias\/p2-de-sao-vicente-intercepta-drogas-com-companheira-de-detento-no-horario-de-visitas\/","title":{"rendered":"P2 de S\u00e3o Vicente intercepta drogas com companheira de detento no hor\u00e1rio de visitas"},"content":{"rendered":"<p> <br \/>\n<\/p>\n<div id=\"texto\">\n<p>A Pol\u00edcia Penal do Estado de S\u00e3o Paulo informa que no \u00faltimo s\u00e1bado, 5, o Complexo Penal de S\u00e3o Vicente registrou uma apreens\u00e3o de il\u00edcito com uma visitante de um preso. O flagrante ocorreu na Penitenci\u00e1ria 2 de S\u00e3o Vicente, no momento da revista de familiares de detentos para entrada na unidade prisional, no hor\u00e1rio de visitas.<\/p>\n<p>\u00a0<\/p>\n<p>Uma jovem de 23 anos tentava visitar o companheiro preso quando foi surpreendida na inspe\u00e7\u00e3o com o aparelho de esc\u00e2ner corporal. Policiais penais notaram anormalidades nas imagens captadas e ela confessou que portava drogas consigo. Voluntariamente ela entregou para as servidoras nove gramas de maconha e 10 gramas de haxixe, que estavam escondidos entre a sua calcinha e o absorvente.<\/p>\n<p>\u00a0<\/p>\n<p>Ela foi conduzida at\u00e9 a delegacia de pol\u00edcia local para lavratura do boletim de ocorr\u00eancia e demais provid\u00eancias legais de praxe.<\/p>\n<\/p><\/div>\n<p><script async defer crossorigin=\"anonymous\" src=\"https:\/\/connect.facebook.net\/pt_BR\/sdk.js#xfbml=1&#038;version=v12.0&#038;appId=&#038;autoLogAppEvents=1\" nonce=\"ou0fI1lo\"><\/script><br \/>\n<br \/><br \/>\n<br \/>Fonte: <a href=\"https:\/\/www.bs9.com.br\/litoral\/p2-de-sao-vicente-intercepta-drogas-com-companheira-de-detento-no\/33076\/\">BS9<\/a><\/p>\n","protected":false},"excerpt":{"rendered":"<p>A Pol\u00edcia Penal do Estado de S\u00e3o Paulo informa que no \u00faltimo s\u00e1bado, 5, o Complexo Penal de S\u00e3o Vicente registrou uma apreens\u00e3o de il\u00edcito com uma visitante de um preso. O flagrante ocorreu na Penitenci\u00e1ria 2 de S\u00e3o Vicente, no momento da revista de familiares de detentos para entrada na unidade prisional, no hor\u00e1rio [&hellip;]<\/p>\n","protected":false},"author":5,"featured_media":28754,"comment_status":"open","ping_status":"open","sticky":false,"template":"","format":"standard","meta":{"_seopress_robots_primary_cat":"","_seopress_titles_title":"","_seopress_titles_desc":"","_seopress_robots_index":"","footnotes":""},"categories":[52],"tags":[],"class_list":["post-28753","post","type-post","status-publish","format-standard","has-post-thumbnail","hentry","category-santoseregiao"],"_links":{"self":[{"href":"https:\/\/mussicom.com\/noticias\/wp-json\/wp\/v2\/posts\/28753","targetHints":{"allow":["GET"]}}],"collection":[{"href":"https:\/\/mussicom.com\/noticias\/wp-json\/wp\/v2\/posts"}],"about":[{"href":"https:\/\/mussicom.com\/noticias\/wp-json\/wp\/v2\/types\/post"}],"author":[{"embeddable":true,"href":"https:\/\/mussicom.com\/noticias\/wp-json\/wp\/v2\/users\/5"}],"replies":[{"embeddable":true,"href":"https:\/\/mussicom.com\/noticias\/wp-json\/wp\/v2\/comments?post=28753"}],"version-history":[{"count":0,"href":"https:\/\/mussicom.com\/noticias\/wp-json\/wp\/v2\/posts\/28753\/revisions"}],"wp:featuredmedia":[{"embeddable":true,"href":"https:\/\/mussicom.com\/noticias\/wp-json\/wp\/v2\/media\/28754"}],"wp:attachment":[{"href":"https:\/\/mussicom.com\/noticias\/wp-json\/wp\/v2\/media?parent=28753"}],"wp:term":[{"taxonomy":"category","embeddable":true,"href":"https:\/\/mussicom.com\/noticias\/wp-json\/wp\/v2\/categories?post=28753"},{"taxonomy":"post_tag","embeddable":true,"href":"https:\/\/mussicom.com\/noticias\/wp-json\/wp\/v2\/tags?post=28753"}],"curies":[{"name":"wp","href":"https:\/\/api.w.org\/{rel}","templated":true}]}}