{"id":28733,"date":"2025-07-07T20:50:14","date_gmt":"2025-07-07T23:50:14","guid":{"rendered":"https:\/\/mussicom.com\/carro-cai-no-canal-3-em-santos-apos-bater-em-mureta\/"},"modified":"2025-07-07T20:50:14","modified_gmt":"2025-07-07T23:50:14","slug":"carro-cai-no-canal-3-em-santos-apos-bater-em-mureta","status":"publish","type":"post","link":"https:\/\/mussicom.com\/noticias\/carro-cai-no-canal-3-em-santos-apos-bater-em-mureta\/","title":{"rendered":"Carro cai no Canal 3 em Santos ap\u00f3s bater em mureta"},"content":{"rendered":"<p> <br \/>\n<\/p>\n<div><\/p>\n<div>Um carro caiu no Canal 3, em Santos, na manh\u00e3 desta segunda-feira (7), ap\u00f3s o motorista perder o controle da dire\u00e7\u00e3o e colidir<\/div>\n<\/div>\n<p><br \/>\n<br \/>Fonte: <a href=\"https:\/\/jornaldaorla.com.br\/noticias\/carro-cai-no-canal-3-apos-bater-em-mureta-em-santos\/\">Jornal Da Orla<\/a><\/p>\n","protected":false},"excerpt":{"rendered":"<p>Um carro caiu no Canal 3, em Santos, na manh\u00e3 desta segunda-feira (7), ap\u00f3s o motorista perder o controle da dire\u00e7\u00e3o e colidir Fonte: Jornal Da Orla<\/p>\n","protected":false},"author":5,"featured_media":28734,"comment_status":"open","ping_status":"open","sticky":false,"template":"","format":"standard","meta":{"_seopress_robots_primary_cat":"","_seopress_titles_title":"","_seopress_titles_desc":"","_seopress_robots_index":"","footnotes":""},"categories":[52],"tags":[],"class_list":["post-28733","post","type-post","status-publish","format-standard","has-post-thumbnail","hentry","category-santoseregiao"],"_links":{"self":[{"href":"https:\/\/mussicom.com\/noticias\/wp-json\/wp\/v2\/posts\/28733","targetHints":{"allow":["GET"]}}],"collection":[{"href":"https:\/\/mussicom.com\/noticias\/wp-json\/wp\/v2\/posts"}],"about":[{"href":"https:\/\/mussicom.com\/noticias\/wp-json\/wp\/v2\/types\/post"}],"author":[{"embeddable":true,"href":"https:\/\/mussicom.com\/noticias\/wp-json\/wp\/v2\/users\/5"}],"replies":[{"embeddable":true,"href":"https:\/\/mussicom.com\/noticias\/wp-json\/wp\/v2\/comments?post=28733"}],"version-history":[{"count":0,"href":"https:\/\/mussicom.com\/noticias\/wp-json\/wp\/v2\/posts\/28733\/revisions"}],"wp:featuredmedia":[{"embeddable":true,"href":"https:\/\/mussicom.com\/noticias\/wp-json\/wp\/v2\/media\/28734"}],"wp:attachment":[{"href":"https:\/\/mussicom.com\/noticias\/wp-json\/wp\/v2\/media?parent=28733"}],"wp:term":[{"taxonomy":"category","embeddable":true,"href":"https:\/\/mussicom.com\/noticias\/wp-json\/wp\/v2\/categories?post=28733"},{"taxonomy":"post_tag","embeddable":true,"href":"https:\/\/mussicom.com\/noticias\/wp-json\/wp\/v2\/tags?post=28733"}],"curies":[{"name":"wp","href":"https:\/\/api.w.org\/{rel}","templated":true}]}}