{"id":28723,"date":"2025-07-07T19:23:23","date_gmt":"2025-07-07T22:23:23","guid":{"rendered":"https:\/\/mussicom.com\/guarda-municipal-de-santos-detem-quatro-suspeitos-de-furto\/"},"modified":"2025-07-07T19:23:23","modified_gmt":"2025-07-07T22:23:23","slug":"guarda-municipal-de-santos-detem-quatro-suspeitos-de-furto","status":"publish","type":"post","link":"https:\/\/mussicom.com\/noticias\/guarda-municipal-de-santos-detem-quatro-suspeitos-de-furto\/","title":{"rendered":"Guarda Municipal de Santos det\u00e9m quatro suspeitos de furto"},"content":{"rendered":"<p> <br \/>\n<\/p>\n<div id=\"texto\">\n<p>Guardas civis municipais de Santos detiveram quatro suspeitos por furto, em duas ocorr\u00eancias distintas, entre o fim de semana e sexta (4).<\/p>\n<p>\u00a0<\/p>\n<p>Na tarde de domingo (5), uma jovem caminhava pela orla do Gonzaga, quando foi surpreendida por dois menores em bicicletas. Eles levaram seu celular e tentaram fugir.<\/p>\n<p>\u00a0<\/p>\n<p>A v\u00edtima repassou as caracter\u00edsticas dos menores \u00e0s equipes da guarda, que conseguiram localizar os suspeitos. A dupla foi abordada na Rua Santa Catarina, no Jos\u00e9 Menino, e encaminhada \u00e0 Delegacia da Inf\u00e2ncia e Juventude (Diju). O aparelho foi devolvido \u00e0 vitima.<\/p>\n<p>\u00a0<\/p>\n<p><strong>PORT\u00c3O<\/strong><\/p>\n<p>Na sexta-feira (4), durante patrulhamento de rotina \u00e0 noite, uma equipe da Ronda Ostensiva Municipal (ROMU Oswaldo Justo) foi alertada por um mun\u00edcipe sobre dois rapazes que haviam furtado um port\u00e3o na Avenida Pinheiro Machado.\u00a0<\/p>\n<p>\u00a0<\/p>\n<p>A guarni\u00e7\u00e3o iniciou o patrulhamento na regi\u00e3o e, em pouco tempo, localizou os suspeitos na Rua Dr. Gaspar Ricardo, carregando o objeto furtado.<\/p>\n<p>\u00a0<\/p>\n<p>Os dois acusados foram conduzidos \u00e0 Central de Pol\u00edcia Judici\u00e1ria (CPJ), onde a autoridade de plant\u00e3o ratificou a pris\u00e3o em flagrante por furto qualificado. Ambos permaneceram \u00e0 disposi\u00e7\u00e3o da Justi\u00e7a.<\/p>\n<\/p><\/div>\n<p><script async defer crossorigin=\"anonymous\" src=\"https:\/\/connect.facebook.net\/pt_BR\/sdk.js#xfbml=1&#038;version=v12.0&#038;appId=&#038;autoLogAppEvents=1\" nonce=\"ou0fI1lo\"><\/script><br \/>\n<br \/><br \/>\n<br \/>Fonte: <a href=\"https:\/\/www.bs9.com.br\/litoral\/guarda-municipal-de-santos-detem-quatro-suspeitos-de-furto\/33082\/\">BS9<\/a><\/p>\n","protected":false},"excerpt":{"rendered":"<p>Guardas civis municipais de Santos detiveram quatro suspeitos por furto, em duas ocorr\u00eancias distintas, entre o fim de semana e sexta (4). \u00a0 Na tarde de domingo (5), uma jovem caminhava pela orla do Gonzaga, quando foi surpreendida por dois menores em bicicletas. Eles levaram seu celular e tentaram fugir. \u00a0 A v\u00edtima repassou as [&hellip;]<\/p>\n","protected":false},"author":5,"featured_media":28724,"comment_status":"open","ping_status":"open","sticky":false,"template":"","format":"standard","meta":{"_seopress_robots_primary_cat":"","_seopress_titles_title":"","_seopress_titles_desc":"","_seopress_robots_index":"","footnotes":""},"categories":[52],"tags":[],"class_list":["post-28723","post","type-post","status-publish","format-standard","has-post-thumbnail","hentry","category-santoseregiao"],"_links":{"self":[{"href":"https:\/\/mussicom.com\/noticias\/wp-json\/wp\/v2\/posts\/28723","targetHints":{"allow":["GET"]}}],"collection":[{"href":"https:\/\/mussicom.com\/noticias\/wp-json\/wp\/v2\/posts"}],"about":[{"href":"https:\/\/mussicom.com\/noticias\/wp-json\/wp\/v2\/types\/post"}],"author":[{"embeddable":true,"href":"https:\/\/mussicom.com\/noticias\/wp-json\/wp\/v2\/users\/5"}],"replies":[{"embeddable":true,"href":"https:\/\/mussicom.com\/noticias\/wp-json\/wp\/v2\/comments?post=28723"}],"version-history":[{"count":0,"href":"https:\/\/mussicom.com\/noticias\/wp-json\/wp\/v2\/posts\/28723\/revisions"}],"wp:featuredmedia":[{"embeddable":true,"href":"https:\/\/mussicom.com\/noticias\/wp-json\/wp\/v2\/media\/28724"}],"wp:attachment":[{"href":"https:\/\/mussicom.com\/noticias\/wp-json\/wp\/v2\/media?parent=28723"}],"wp:term":[{"taxonomy":"category","embeddable":true,"href":"https:\/\/mussicom.com\/noticias\/wp-json\/wp\/v2\/categories?post=28723"},{"taxonomy":"post_tag","embeddable":true,"href":"https:\/\/mussicom.com\/noticias\/wp-json\/wp\/v2\/tags?post=28723"}],"curies":[{"name":"wp","href":"https:\/\/api.w.org\/{rel}","templated":true}]}}