{"id":28719,"date":"2025-07-07T18:42:13","date_gmt":"2025-07-07T21:42:13","guid":{"rendered":"https:\/\/mussicom.com\/cnu-dos-professores-tem-adesao-de-1-508-municipios-e-22-estados\/"},"modified":"2025-07-07T18:42:13","modified_gmt":"2025-07-07T21:42:13","slug":"cnu-dos-professores-tem-adesao-de-1-508-municipios-e-22-estados","status":"publish","type":"post","link":"https:\/\/mussicom.com\/noticias\/cnu-dos-professores-tem-adesao-de-1-508-municipios-e-22-estados\/","title":{"rendered":"CNU dos Professores tem ades\u00e3o de 1.508 munic\u00edpios e 22 estados"},"content":{"rendered":"<p> <br \/>\n<\/p>\n<div>\n<p><strong>O Minist\u00e9rio da Educa\u00e7\u00e3o (MEC) anunciou, nesta segunda-feira (7) que 1.508 redes de ensino municipais e 22 estaduais aderiram \u00e0 Prova Nacional Docente (PND), o que corresponde a 81,48% dos estados.<\/strong><img decoding=\"async\" src=\"https:\/\/agenciabrasil.ebc.com.br\/ebc.gif?id=1649954&amp;o=node\" style=\"width:1px; height:1px; display:inline;\"\/><\/p>\n<p>Aderiram \u00e0 iniciativa as redes de ensino dos seguintes estados: Acre, Amap\u00e1, Alagoas, Bahia, Cear\u00e1, Esp\u00edrito Santo, Maranh\u00e3o, Minas Gerais, Mato Grosso do Sul, Mato Grosso, Par\u00e1, Pernambuco, Piau\u00ed, Paran\u00e1, Rio Grande do Norte, Rond\u00f4nia, Roraima, Rio Grande do Sul, Santa Catarina, Sergipe, S\u00e3o Paulo e Tocantins.<\/p>\n<p><strong>A prova ser\u00e1 aplicada pelo Instituto Nacional de Estudos e Pesquisas Educacionais An\u00edsio Teixeira (Inep) em 26 de outubro.<\/strong><\/p>\n<p>O per\u00edodo de inscri\u00e7\u00e3o vai de\u00a014 a 25 de julho, exclusivamente, pelo Sistema PND, com o n\u00famero do CPF, data de nascimento, endere\u00e7o de <em>e-mail<\/em> e n\u00famero de telefone fixo e\/ou celular v\u00e1lidos.\u00a0\u00a0<\/p>\n<p>Os interessados em fazer a prova podem conferir a lista preliminar divulgada pela pasta\u00a0com os nomes dos munic\u00edpios que manifestaram interesse em participar da PND.\u00a0<\/p>\n<p>Em uma rede social,\u00a0o ministro da Educa\u00e7\u00e3o, Camilo Santana, declarou que esta \u00e9 uma grande oportunidade para os professores concorrerem a uma vaga nas redes p\u00fablicas de ensino em todo o Brasil. \u00a0<\/p>\n<blockquote>\n<p>\u201cUma prova nacional que vai servir de pr\u00e9-sele\u00e7\u00e3o para as sele\u00e7\u00f5es p\u00fablicas para os professores da educa\u00e7\u00e3o b\u00e1sica neste pa\u00eds.\u201d<\/p>\n<\/blockquote>\n<p>Al\u00e9m de estimular a realiza\u00e7\u00e3o de concursos p\u00fablicos e o aumento de professores efetivos nas redes de ensino,\u00a0<strong>Prova Nacional Docente\u00a0tem o objetivo de contribuir para a formula\u00e7\u00e3o e a avalia\u00e7\u00e3o de pol\u00edticas p\u00fablicas de forma\u00e7\u00e3o inicial e continuada de professores.<\/strong><\/p>\n<blockquote>\n<p>\u201cPrecisamos criar uma cultura, nesse pa\u00eds, de reconhecer e valorizar a principal profiss\u00e3o, que \u00e9 ser professor\u201d,\u00a0disse o ministro da Educa\u00e7\u00e3o.<\/p>\n<\/blockquote>\n<div class=\"dnd-widget-wrapper context-sem_processamento type-image\">\n<div class=\"dnd-atom-rendered\"><!-- scald=428174:sem_processamento {\"additionalClasses\":\"\"} --><br \/>\n            <img decoding=\"async\" src=\"https:\/\/agenciabrasil.ebc.com.br\/sites\/default\/files\/thumbnails\/image\/2025\/06\/17\/cnu_professores_datas.png\" alt=\"arte cnu dos professores\" title=\"Arte\/Ag\u00eancia Brasil\"\/><br \/>\n        <img decoding=\"async\" src=\"https:\/\/agenciabrasil.ebc.com.br\/sites\/default\/files\/thumbnails\/image\/2025\/06\/17\/cnu_professores_datas.png\" alt=\"arte cnu dos professores\" title=\"Arte\/Ag\u00eancia Brasil\"\/><br \/>\n    <!-- END scald=428174 --><\/div>\n<\/div>\n<h2>Pr\u00f3ximo passo<\/h2>\n<p><strong>At\u00e9 a pr\u00f3xima quinta-feira (10), as redes estaduais e municipais de educa\u00e7\u00e3o devem detalhar ao MEC a regulamenta\u00e7\u00e3o do uso dos resultados da PND 2025<\/strong> para o ingresso de professores no magist\u00e9rio de sua localidade em 2026.<\/p>\n<p>O registro dos editais ou ato normativo das redes dos munic\u00edpios e dos estados deve ser feito online pelo gestor educacional diretamente no\u202fSistema Integrado de Monitoramento, Execu\u00e7\u00e3o e Controle (Simec) do governo federal.<\/p>\n<p>O MEC preparou um\u00a0tutorial com o passo a passo para que os respons\u00e1veis por este processo possam conclu\u00ed-lo.<\/p>\n<h2>Magist\u00e9rio p\u00fablico\u00a0<\/h2>\n<p>A PND faz parte do Programa Mais Professores para o Brasil.<\/p>\n<p>Por meio do edital p\u00fablico, o\u00a0Inep explica que a PND n\u00e3o \u00e9 um concurso p\u00fablico, mas funciona como um processo independente do governo federal para contribuir na sele\u00e7\u00e3o de professores da educa\u00e7\u00e3o b\u00e1sica p\u00fablica, conduzida pela Uni\u00e3o e pelas secretarias de educa\u00e7\u00e3o dos munic\u00edpios, estados e do Distrito Federal.\u00a0<\/p>\n<p><strong>Os gestores p\u00fablicos locais podem optar por usar a PND\u202fcomo etapa \u00fanica ou complementar\u202fem seus\u202fconcursos p\u00fablicos\u202fou\u202fprocessos seletivos que venham a realizar.<\/strong>\u202fEles tamb\u00e9m podem aplicar etapas adicionais, como prova pr\u00e1tica e avalia\u00e7\u00e3o de t\u00edtulos.\u00a0<\/p>\n<p>A divulga\u00e7\u00e3o dos\u00a0resultados individuais finais dos participantes da PND est\u00e1 prevista para 10 de dezembro.\u00a0<\/p>\n<p>\u00a0<\/p>\n<p>      <!-- Relacionada --><\/p>\n<p>            <!-- Relacionada -->\n    <\/div>\n<p><script async src=\"\/\/www.instagram.com\/embed.js\"><\/script><br \/>\n<br \/><br \/>\n<br \/>Fonte: <a href=\"https:\/\/agenciabrasil.ebc.com.br\/educacao\/noticia\/2025-07\/cnu-dos-professores-tem-adesao-de-1508-municipios-e-22-estados\">Ag\u00eancia Brasil<\/a><\/p>\n","protected":false},"excerpt":{"rendered":"<p>O Minist\u00e9rio da Educa\u00e7\u00e3o (MEC) anunciou, nesta segunda-feira (7) que 1.508 redes de ensino municipais e 22 estaduais aderiram \u00e0 Prova Nacional Docente (PND), o que corresponde a 81,48% dos estados. Aderiram \u00e0 iniciativa as redes de ensino dos seguintes estados: Acre, Amap\u00e1, Alagoas, Bahia, Cear\u00e1, Esp\u00edrito Santo, Maranh\u00e3o, Minas Gerais, Mato Grosso do Sul, [&hellip;]<\/p>\n","protected":false},"author":5,"featured_media":7785,"comment_status":"open","ping_status":"open","sticky":false,"template":"","format":"standard","meta":{"_seopress_robots_primary_cat":"","_seopress_titles_title":"","_seopress_titles_desc":"","_seopress_robots_index":"","footnotes":""},"categories":[44],"tags":[],"class_list":["post-28719","post","type-post","status-publish","format-standard","has-post-thumbnail","hentry","category-educacao"],"_links":{"self":[{"href":"https:\/\/mussicom.com\/noticias\/wp-json\/wp\/v2\/posts\/28719","targetHints":{"allow":["GET"]}}],"collection":[{"href":"https:\/\/mussicom.com\/noticias\/wp-json\/wp\/v2\/posts"}],"about":[{"href":"https:\/\/mussicom.com\/noticias\/wp-json\/wp\/v2\/types\/post"}],"author":[{"embeddable":true,"href":"https:\/\/mussicom.com\/noticias\/wp-json\/wp\/v2\/users\/5"}],"replies":[{"embeddable":true,"href":"https:\/\/mussicom.com\/noticias\/wp-json\/wp\/v2\/comments?post=28719"}],"version-history":[{"count":0,"href":"https:\/\/mussicom.com\/noticias\/wp-json\/wp\/v2\/posts\/28719\/revisions"}],"wp:featuredmedia":[{"embeddable":true,"href":"https:\/\/mussicom.com\/noticias\/wp-json\/wp\/v2\/media\/7785"}],"wp:attachment":[{"href":"https:\/\/mussicom.com\/noticias\/wp-json\/wp\/v2\/media?parent=28719"}],"wp:term":[{"taxonomy":"category","embeddable":true,"href":"https:\/\/mussicom.com\/noticias\/wp-json\/wp\/v2\/categories?post=28719"},{"taxonomy":"post_tag","embeddable":true,"href":"https:\/\/mussicom.com\/noticias\/wp-json\/wp\/v2\/tags?post=28719"}],"curies":[{"name":"wp","href":"https:\/\/api.w.org\/{rel}","templated":true}]}}