{"id":28685,"date":"2025-07-07T14:18:26","date_gmt":"2025-07-07T17:18:26","guid":{"rendered":"https:\/\/mussicom.com\/inscricoes-para-segunda-turma-do-curso-de-comerciantes-seguem-abertas-em-guaruja\/"},"modified":"2025-07-07T14:18:26","modified_gmt":"2025-07-07T17:18:26","slug":"inscricoes-para-segunda-turma-do-curso-de-comerciantes-seguem-abertas-em-guaruja","status":"publish","type":"post","link":"https:\/\/mussicom.com\/noticias\/inscricoes-para-segunda-turma-do-curso-de-comerciantes-seguem-abertas-em-guaruja\/","title":{"rendered":"Inscri\u00e7\u00f5es para segunda turma do curso de comerciantes seguem abertas em Guaruj\u00e1"},"content":{"rendered":"<p> <br \/>\n<\/p>\n<div id=\"texto\">\n<p>A Prefeitura de Guaruj\u00e1 continua com inscri\u00e7\u00f5es abertas para a segunda turma do curso desenvolvido pelo Programa &#8220;Ambulante Legal&#8221;. Destinado aos comerciantes licenciados das praias das Ast\u00farias, Enseada, Guai\u00faba, Perequ\u00ea, Pernambuco, Pitangueiras e Tombo, o curso ser\u00e1 realizado pela Secretaria Municipal de Finan\u00e7as (Sefin) e abordar\u00e1 temas essenciais para a atua\u00e7\u00e3o no com\u00e9rcio ambulante. O prazo para inscri\u00e7\u00e3o \u00e9 at\u00e9 13 de julho.<\/p>\n<p>\u00a0<\/p>\n<p>Os interessados em participar devem se cadastrar preenchendo o formul\u00e1rio dispon\u00edvel no Google Forms, pelo link\u00a0https:\/\/docs.google.com\/forms\/d\/e\/1FAIpQLSc9huJx83NHc7trxqQ1fc-DDkkaY08LW8YUQFYNvHjk-XVqHA\/viewform?usp=header. As aulas ser\u00e3o ministradas nos dias 15, 22 e 25 de julho, \u00e0s 15 horas, no Teatro Municipal Proc\u00f3pio Ferreira (Avenida Dom Pedro l, 350 \u2013 Jardim Tejereba).<\/p>\n<p>\u00a0<\/p>\n<p>Durante o curso, ser\u00e3o apresentados conte\u00fados sobre legisla\u00e7\u00e3o vigente, direitos dos trabalhadores, manipula\u00e7\u00e3o e higiene de alimentos, seguran\u00e7a contra inc\u00eandios, educa\u00e7\u00e3o ambiental e pr\u00e1ticas sustent\u00e1veis. Al\u00e9m disso, a programa\u00e7\u00e3o inclui recursos audiovisuais, din\u00e2micas em grupo e atividades pr\u00e1ticas, conduzidas por especialistas da Vigil\u00e2ncia Sanit\u00e1ria, do Corpo de Bombeiros e da Secretaria Municipal de Meio Ambiente (Semam).<\/p>\n<p>\u00a0<\/p>\n<p>Ao final, os participantes receber\u00e3o certificado de conclus\u00e3o e o selo &#8220;Ambulante Legal&#8221;, que refor\u00e7a o compromisso com boas pr\u00e1ticas e qualidade no atendimento. O curso integra o programa desenvolvido pela Prefeitura a partir de um diagn\u00f3stico realizado com cerca de 1.500 ambulantes licenciados que atuam nas praias da Cidade.<\/p>\n<p><strong>\u00a0<\/strong><\/p>\n<p><strong>Primeira turma j\u00e1 formou 340 ambulantes<\/strong><\/p>\n<p>A primeira turma do curso foi conclu\u00edda nesta quarta-feira (2), totalizando 340 participantes certificados ap\u00f3s tr\u00eas dias de forma\u00e7\u00e3o. As aulas aconteceram nos dias 11 de junho, 1\u00ba e 2 de julho, sempre no Teatro Municipal Proc\u00f3pio Ferreira. Ao longo da capacita\u00e7\u00e3o, os ambulantes participaram de din\u00e2micas, assistiram a palestras e receberam orienta\u00e7\u00f5es pr\u00e1ticas com foco na qualifica\u00e7\u00e3o do atendimento, seguran\u00e7a dos alimentos e respeito \u00e0s normas ambientais.<\/p>\n<\/p><\/div>\n<p><script async defer crossorigin=\"anonymous\" src=\"https:\/\/connect.facebook.net\/pt_BR\/sdk.js#xfbml=1&#038;version=v12.0&#038;appId=&#038;autoLogAppEvents=1\" nonce=\"ou0fI1lo\"><\/script><br \/>\n<br \/><br \/>\n<br \/>Fonte: <a href=\"https:\/\/www.bs9.com.br\/litoral\/inscricoes-para-segunda-turma-do-curso-de-comerciantes-seguem-abertas\/33054\/\">BS9<\/a><\/p>\n","protected":false},"excerpt":{"rendered":"<p>A Prefeitura de Guaruj\u00e1 continua com inscri\u00e7\u00f5es abertas para a segunda turma do curso desenvolvido pelo Programa &#8220;Ambulante Legal&#8221;. Destinado aos comerciantes licenciados das praias das Ast\u00farias, Enseada, Guai\u00faba, Perequ\u00ea, Pernambuco, Pitangueiras e Tombo, o curso ser\u00e1 realizado pela Secretaria Municipal de Finan\u00e7as (Sefin) e abordar\u00e1 temas essenciais para a atua\u00e7\u00e3o no com\u00e9rcio ambulante. O [&hellip;]<\/p>\n","protected":false},"author":5,"featured_media":28686,"comment_status":"open","ping_status":"open","sticky":false,"template":"","format":"standard","meta":{"_seopress_robots_primary_cat":"","_seopress_titles_title":"","_seopress_titles_desc":"","_seopress_robots_index":"","footnotes":""},"categories":[52],"tags":[],"class_list":["post-28685","post","type-post","status-publish","format-standard","has-post-thumbnail","hentry","category-santoseregiao"],"_links":{"self":[{"href":"https:\/\/mussicom.com\/noticias\/wp-json\/wp\/v2\/posts\/28685","targetHints":{"allow":["GET"]}}],"collection":[{"href":"https:\/\/mussicom.com\/noticias\/wp-json\/wp\/v2\/posts"}],"about":[{"href":"https:\/\/mussicom.com\/noticias\/wp-json\/wp\/v2\/types\/post"}],"author":[{"embeddable":true,"href":"https:\/\/mussicom.com\/noticias\/wp-json\/wp\/v2\/users\/5"}],"replies":[{"embeddable":true,"href":"https:\/\/mussicom.com\/noticias\/wp-json\/wp\/v2\/comments?post=28685"}],"version-history":[{"count":0,"href":"https:\/\/mussicom.com\/noticias\/wp-json\/wp\/v2\/posts\/28685\/revisions"}],"wp:featuredmedia":[{"embeddable":true,"href":"https:\/\/mussicom.com\/noticias\/wp-json\/wp\/v2\/media\/28686"}],"wp:attachment":[{"href":"https:\/\/mussicom.com\/noticias\/wp-json\/wp\/v2\/media?parent=28685"}],"wp:term":[{"taxonomy":"category","embeddable":true,"href":"https:\/\/mussicom.com\/noticias\/wp-json\/wp\/v2\/categories?post=28685"},{"taxonomy":"post_tag","embeddable":true,"href":"https:\/\/mussicom.com\/noticias\/wp-json\/wp\/v2\/tags?post=28685"}],"curies":[{"name":"wp","href":"https:\/\/api.w.org\/{rel}","templated":true}]}}