{"id":28629,"date":"2025-07-06T15:52:34","date_gmt":"2025-07-06T18:52:34","guid":{"rendered":"https:\/\/mussicom.com\/por-conducao-segura-jet-lanca-projeto-piloto-de-pontos-para-usuarios\/"},"modified":"2025-07-06T15:52:34","modified_gmt":"2025-07-06T18:52:34","slug":"por-conducao-segura-jet-lanca-projeto-piloto-de-pontos-para-usuarios","status":"publish","type":"post","link":"https:\/\/mussicom.com\/noticias\/por-conducao-segura-jet-lanca-projeto-piloto-de-pontos-para-usuarios\/","title":{"rendered":"Por condu\u00e7\u00e3o segura, JET lan\u00e7a projeto piloto de pontos para usu\u00e1rios"},"content":{"rendered":"<p> <br \/>\n<\/p>\n<div id=\"texto\">\n<p>Trata-se de um passo importante rumo \u00e0 micromobilidade mais segura e respons\u00e1vel, em que cada participante do tr\u00e2nsito impacta n\u00e3o apenas sua pr\u00f3pria jornada, mas tamb\u00e9m a qualidade do ambiente urbano.<\/p>\n<p>&#13;<br \/>\nA pontua\u00e7\u00e3o \u00e9 calculada com base em diversos crit\u00e9rios: dire\u00e7\u00e3o segura, respeito ao limite de velocidade, estacionamento correto e aus\u00eancia de infra\u00e7\u00f5es. No futuro, o sistema tamb\u00e9m considerar\u00e1 comportamentos de risco recorrentes, como estacionamentos em locais proibidos ou uso do patinete em duplas.<\/p>\n<p>&#13;<br \/>\n<strong>Para que servir\u00e1 a pontua\u00e7\u00e3o?<\/strong><\/p>\n<p>Inicialmente ser\u00e1 uma ferramenta de autocontrole: em casos de pontua\u00e7\u00e3o baixa e reincid\u00eancia de infra\u00e7\u00f5es, o acesso ao servi\u00e7o poder\u00e1 ser suspenso temporariamente. A proposta \u00e9 criar um modo de incentivo ao uso respons\u00e1vel do transporte, para a seguran\u00e7a de todos que compartilham o espa\u00e7o urbano.<\/p>\n<p>&#13;<br \/>\nNo futuro, usu\u00e1rios com boa pontua\u00e7\u00e3o e condu\u00e7\u00e3o consciente poder\u00e3o receber benef\u00edcios: b\u00f4nus, acesso a maior velocidade permitida e outras vantagens. No momento, a funcionalidade est\u00e1 em fase piloto: todos os usu\u00e1rios iniciam com 100 pontos. Nas pr\u00f3ximas etapas, todas as viagens ser\u00e3o analisadas.<\/p>\n<p>&#13;<br \/>\n&#8220;Neste momento, os usu\u00e1rios n\u00e3o ver\u00e3o mudan\u00e7as imediatas em sua pontua\u00e7\u00e3o, mas as viagens ser\u00e3o avaliadas futuramente e o \u00edndice ser\u00e1 ajustado&#8221;, explica o assessor da JET, Lincoln Silva. A atualiza\u00e7\u00e3o faz parte do compromisso da JET com o uso consciente da micromobilidade. A empresa refor\u00e7a o convite a todos: respeito m\u00fatuo tamb\u00e9m come\u00e7a nas ruas.<\/p>\n<\/p><\/div>\n<p><script async defer crossorigin=\"anonymous\" src=\"https:\/\/connect.facebook.net\/pt_BR\/sdk.js#xfbml=1&#038;version=v12.0&#038;appId=&#038;autoLogAppEvents=1\" nonce=\"ou0fI1lo\"><\/script><br \/>\n<br \/><br \/>\n<br \/>Fonte: <a href=\"https:\/\/www.bs9.com.br\/variedades\/por-conducao-segura-jet-lanca-projeto-piloto-de-pontos-para-usuarios\/33034\/\">BS9<\/a><\/p>\n","protected":false},"excerpt":{"rendered":"<p>Trata-se de um passo importante rumo \u00e0 micromobilidade mais segura e respons\u00e1vel, em que cada participante do tr\u00e2nsito impacta n\u00e3o apenas sua pr\u00f3pria jornada, mas tamb\u00e9m a qualidade do ambiente urbano. &#13; A pontua\u00e7\u00e3o \u00e9 calculada com base em diversos crit\u00e9rios: dire\u00e7\u00e3o segura, respeito ao limite de velocidade, estacionamento correto e aus\u00eancia de infra\u00e7\u00f5es. No [&hellip;]<\/p>\n","protected":false},"author":5,"featured_media":28630,"comment_status":"open","ping_status":"open","sticky":false,"template":"","format":"standard","meta":{"_seopress_robots_primary_cat":"","_seopress_titles_title":"","_seopress_titles_desc":"","_seopress_robots_index":"","footnotes":""},"categories":[52],"tags":[],"class_list":["post-28629","post","type-post","status-publish","format-standard","has-post-thumbnail","hentry","category-santoseregiao"],"_links":{"self":[{"href":"https:\/\/mussicom.com\/noticias\/wp-json\/wp\/v2\/posts\/28629","targetHints":{"allow":["GET"]}}],"collection":[{"href":"https:\/\/mussicom.com\/noticias\/wp-json\/wp\/v2\/posts"}],"about":[{"href":"https:\/\/mussicom.com\/noticias\/wp-json\/wp\/v2\/types\/post"}],"author":[{"embeddable":true,"href":"https:\/\/mussicom.com\/noticias\/wp-json\/wp\/v2\/users\/5"}],"replies":[{"embeddable":true,"href":"https:\/\/mussicom.com\/noticias\/wp-json\/wp\/v2\/comments?post=28629"}],"version-history":[{"count":0,"href":"https:\/\/mussicom.com\/noticias\/wp-json\/wp\/v2\/posts\/28629\/revisions"}],"wp:featuredmedia":[{"embeddable":true,"href":"https:\/\/mussicom.com\/noticias\/wp-json\/wp\/v2\/media\/28630"}],"wp:attachment":[{"href":"https:\/\/mussicom.com\/noticias\/wp-json\/wp\/v2\/media?parent=28629"}],"wp:term":[{"taxonomy":"category","embeddable":true,"href":"https:\/\/mussicom.com\/noticias\/wp-json\/wp\/v2\/categories?post=28629"},{"taxonomy":"post_tag","embeddable":true,"href":"https:\/\/mussicom.com\/noticias\/wp-json\/wp\/v2\/tags?post=28629"}],"curies":[{"name":"wp","href":"https:\/\/api.w.org\/{rel}","templated":true}]}}