{"id":28616,"date":"2025-07-06T10:14:29","date_gmt":"2025-07-06T13:14:29","guid":{"rendered":"https:\/\/mussicom.com\/arraia-da-economia-criativa-tem-musica-e-artesanato-na-ponta-da-praia\/"},"modified":"2025-07-06T10:14:29","modified_gmt":"2025-07-06T13:14:29","slug":"arraia-da-economia-criativa-tem-musica-e-artesanato-na-ponta-da-praia","status":"publish","type":"post","link":"https:\/\/mussicom.com\/noticias\/arraia-da-economia-criativa-tem-musica-e-artesanato-na-ponta-da-praia\/","title":{"rendered":"Arrai\u00e1 da Economia Criativa tem m\u00fasica e artesanato na Ponta da Praia"},"content":{"rendered":"<p> <br \/>\n<\/p>\n<div><\/p>\n<div>Arrai\u00e1 da Economia Criativa agita a Pra\u00e7a Lu\u00eds La Scala neste fim de semana com m\u00fasica ao vivo, barracas de gastronomia e produtos artesanais.<\/div>\n<\/div>\n<p><br \/>\n<br \/>Fonte: <a href=\"https:\/\/jornaldaorla.com.br\/noticias\/arraia-da-economia-criativa-tem-musica-e-artesanato-na-ponta-da-praia\/\">Jornal Da Orla<\/a><\/p>\n","protected":false},"excerpt":{"rendered":"<p>Arrai\u00e1 da Economia Criativa agita a Pra\u00e7a Lu\u00eds La Scala neste fim de semana com m\u00fasica ao vivo, barracas de gastronomia e produtos artesanais. Fonte: Jornal Da Orla<\/p>\n","protected":false},"author":5,"featured_media":28617,"comment_status":"open","ping_status":"open","sticky":false,"template":"","format":"standard","meta":{"_seopress_robots_primary_cat":"","_seopress_titles_title":"","_seopress_titles_desc":"","_seopress_robots_index":"","footnotes":""},"categories":[52],"tags":[],"class_list":["post-28616","post","type-post","status-publish","format-standard","has-post-thumbnail","hentry","category-santoseregiao"],"_links":{"self":[{"href":"https:\/\/mussicom.com\/noticias\/wp-json\/wp\/v2\/posts\/28616","targetHints":{"allow":["GET"]}}],"collection":[{"href":"https:\/\/mussicom.com\/noticias\/wp-json\/wp\/v2\/posts"}],"about":[{"href":"https:\/\/mussicom.com\/noticias\/wp-json\/wp\/v2\/types\/post"}],"author":[{"embeddable":true,"href":"https:\/\/mussicom.com\/noticias\/wp-json\/wp\/v2\/users\/5"}],"replies":[{"embeddable":true,"href":"https:\/\/mussicom.com\/noticias\/wp-json\/wp\/v2\/comments?post=28616"}],"version-history":[{"count":0,"href":"https:\/\/mussicom.com\/noticias\/wp-json\/wp\/v2\/posts\/28616\/revisions"}],"wp:featuredmedia":[{"embeddable":true,"href":"https:\/\/mussicom.com\/noticias\/wp-json\/wp\/v2\/media\/28617"}],"wp:attachment":[{"href":"https:\/\/mussicom.com\/noticias\/wp-json\/wp\/v2\/media?parent=28616"}],"wp:term":[{"taxonomy":"category","embeddable":true,"href":"https:\/\/mussicom.com\/noticias\/wp-json\/wp\/v2\/categories?post=28616"},{"taxonomy":"post_tag","embeddable":true,"href":"https:\/\/mussicom.com\/noticias\/wp-json\/wp\/v2\/tags?post=28616"}],"curies":[{"name":"wp","href":"https:\/\/api.w.org\/{rel}","templated":true}]}}