{"id":28545,"date":"2025-07-05T11:25:51","date_gmt":"2025-07-05T14:25:51","guid":{"rendered":"https:\/\/mussicom.com\/policia-de-sp-prende-suspeito-envolvido-na-maior-invasao-hacker-do-pais\/"},"modified":"2025-07-05T11:25:51","modified_gmt":"2025-07-05T14:25:51","slug":"policia-de-sp-prende-suspeito-envolvido-na-maior-invasao-hacker-do-pais","status":"publish","type":"post","link":"https:\/\/mussicom.com\/noticias\/policia-de-sp-prende-suspeito-envolvido-na-maior-invasao-hacker-do-pais\/","title":{"rendered":"Pol\u00edcia de SP prende suspeito envolvido na maior invas\u00e3o hacker do pa\u00eds"},"content":{"rendered":"<p> <br \/>\n<\/p>\n<p>\n\t\t\t\t\t\tUm boletim de ocorr\u00eancia sobre o crime havia sido registrado em junho, quando os agentes iniciaram as investiga\u00e7\u00f5es.\u00a0<br \/>\n\t\t\t\t\t\t &#8211; \t\t\t\t\t\tDivulga\u00e7\u00e3o\n\t\t\t\t\t<\/p>\n<div id=\"texto\">\n<p>A Pol\u00edcia Civil prendeu na noite desta quinta-feira (3) um homem envolvido na maior invas\u00e3o hacker do pa\u00eds, que deu um preju\u00edzo de R$ 541 milh\u00f5es. A pris\u00e3o do suspeito, de 48 anos, ocorreu na casa dele, na regi\u00e3o de Taipas, zona norte de S\u00e3o Paulo. De acordo com as investiga\u00e7\u00f5es, ele era funcion\u00e1rio de tecnologia da informa\u00e7\u00e3o em uma empresa que presta servi\u00e7os do Pix a institui\u00e7\u00f5es financeiras.<\/p>\n<p>A a\u00e7\u00e3o foi deflagrada pela 2\u00aa Divis\u00e3o de Crimes Cibern\u00e9ticos (DCCiber), do Departamento Estadual de Investiga\u00e7\u00f5es Criminais (Deic), que cumpriu os mandados de busca e apreens\u00e3o no local.\u00a0<\/p>\n<p>Um boletim de ocorr\u00eancia sobre o crime havia sido registrado em junho, quando os agentes iniciaram as investiga\u00e7\u00f5es.\u00a0<\/p>\n<p>Desde o in\u00edcio, pela din\u00e2mica do golpe, os policiais suspeitaram que algum funcion\u00e1rio da empresa teria facilitado o acesso ao dinheiro. Com isso, alguns colaboradores passaram a ser monitorados, at\u00e9 que a equipe conseguiu chegar ao alvo.<\/p>\n<p><\/p>\n<p>Pol\u00edcia de SP prende suspeito envolvido na maior invas\u00e3o hacker do pa\u00eds<\/p>\n<p>Segundo o delegado Paulo Eduardo Barbosa, respons\u00e1vel pelas investiga\u00e7\u00f5es, o homem apresentou um comportamento estranho ao ser interrogado, at\u00e9 que confessou o envolvimento. Ele teria facilitado, por meio de \u201cc\u00f3digos maliciosos\u201d, conforme explicou o policial, que outros criminosos extra\u00edssem o valor milion\u00e1rio de uma institui\u00e7\u00e3o financeira.\u00a0<\/p>\n<p>A empresa onde o suspeito trabalhava faz intermedia\u00e7\u00e3o de transa\u00e7\u00f5es banc\u00e1rias com o Banco Central. \u201cEle foi um facilitador do golpe, ajudando outros integrantes do esquema a invadir o sistema. Agora estamos atr\u00e1s dos outros envolvidos\u201d, afirmou o delegado.\u00a0<\/p>\n<p>Como medida de cunho reparat\u00f3rio, tamb\u00e9m foi deferido o bloqueio de R$ 270 milh\u00f5es de uma conta utilizada para receber os valores milion\u00e1rios desviados.\u00a0<\/p>\n<p>A Pol\u00edcia Civil segue com as investiga\u00e7\u00f5es do caso.<\/p>\n<\/p><\/div>\n<p><script async defer crossorigin=\"anonymous\" src=\"https:\/\/connect.facebook.net\/pt_BR\/sdk.js#xfbml=1&#038;version=v12.0&#038;appId=&#038;autoLogAppEvents=1\" nonce=\"ou0fI1lo\"><\/script><br \/>\n<br \/><br \/>\n<br \/>Fonte: <a href=\"https:\/\/www.bs9.com.br\/brasil\/policia-de-sp-prende-suspeito-envolvido-na-maior-invasao-hacker-do\/33000\/\">BS9<\/a><\/p>\n","protected":false},"excerpt":{"rendered":"<p>Um boletim de ocorr\u00eancia sobre o crime havia sido registrado em junho, quando os agentes iniciaram as investiga\u00e7\u00f5es.\u00a0 &#8211; Divulga\u00e7\u00e3o A Pol\u00edcia Civil prendeu na noite desta quinta-feira (3) um homem envolvido na maior invas\u00e3o hacker do pa\u00eds, que deu um preju\u00edzo de R$ 541 milh\u00f5es. A pris\u00e3o do suspeito, de 48 anos, ocorreu na [&hellip;]<\/p>\n","protected":false},"author":5,"featured_media":28546,"comment_status":"open","ping_status":"open","sticky":false,"template":"","format":"standard","meta":{"_seopress_robots_primary_cat":"","_seopress_titles_title":"","_seopress_titles_desc":"","_seopress_robots_index":"","footnotes":""},"categories":[52],"tags":[],"class_list":["post-28545","post","type-post","status-publish","format-standard","has-post-thumbnail","hentry","category-santoseregiao"],"_links":{"self":[{"href":"https:\/\/mussicom.com\/noticias\/wp-json\/wp\/v2\/posts\/28545","targetHints":{"allow":["GET"]}}],"collection":[{"href":"https:\/\/mussicom.com\/noticias\/wp-json\/wp\/v2\/posts"}],"about":[{"href":"https:\/\/mussicom.com\/noticias\/wp-json\/wp\/v2\/types\/post"}],"author":[{"embeddable":true,"href":"https:\/\/mussicom.com\/noticias\/wp-json\/wp\/v2\/users\/5"}],"replies":[{"embeddable":true,"href":"https:\/\/mussicom.com\/noticias\/wp-json\/wp\/v2\/comments?post=28545"}],"version-history":[{"count":0,"href":"https:\/\/mussicom.com\/noticias\/wp-json\/wp\/v2\/posts\/28545\/revisions"}],"wp:featuredmedia":[{"embeddable":true,"href":"https:\/\/mussicom.com\/noticias\/wp-json\/wp\/v2\/media\/28546"}],"wp:attachment":[{"href":"https:\/\/mussicom.com\/noticias\/wp-json\/wp\/v2\/media?parent=28545"}],"wp:term":[{"taxonomy":"category","embeddable":true,"href":"https:\/\/mussicom.com\/noticias\/wp-json\/wp\/v2\/categories?post=28545"},{"taxonomy":"post_tag","embeddable":true,"href":"https:\/\/mussicom.com\/noticias\/wp-json\/wp\/v2\/tags?post=28545"}],"curies":[{"name":"wp","href":"https:\/\/api.w.org\/{rel}","templated":true}]}}