{"id":28508,"date":"2025-07-05T01:15:35","date_gmt":"2025-07-05T04:15:35","guid":{"rendered":"https:\/\/mussicom.com\/prefeitura-abre-inscricoes-para-o-20o-festao-na-praia-festival-de-inverno-do-empreendedor\/"},"modified":"2025-07-05T01:15:35","modified_gmt":"2025-07-05T04:15:35","slug":"prefeitura-abre-inscricoes-para-o-20o-festao-na-praia-festival-de-inverno-do-empreendedor","status":"publish","type":"post","link":"https:\/\/mussicom.com\/noticias\/prefeitura-abre-inscricoes-para-o-20o-festao-na-praia-festival-de-inverno-do-empreendedor\/","title":{"rendered":"Prefeitura abre inscri\u00e7\u00f5es para o 20\u00ba Fest\u00e3o na Praia: Festival de Inverno do Empreendedor"},"content":{"rendered":"<p> <br \/>\n<\/p>\n<div id=\"texto\">\n<p>Mongagu\u00e1 se prepara para receber um dos maiores eventos da Baixada Santista.<\/p>\n<p>\u00a0<\/p>\n<p>A partir de 11 de julho, a 20\u00aa edi\u00e7\u00e3o do Fest\u00e3o na Praia: Festival de Inverno do Empreendedor promete agitar a Pra\u00e7a de Eventos Dudu Samba, no Centro \u2014 \u00e0s sextas, s\u00e1bados e domingos.<\/p>\n<p>\u00a0<\/p>\n<p>https:\/\/ecrie.com.br\/Sistema\/Default.aspx?ReturnUrl=%2fsistema%2fFicha+de+Inscri%c3%a7%c3%a3o<\/p>\n<p>\u00a0<\/p>\n<p>Artes\u00e3os, empreendedores e comerciantes j\u00e1 podem se inscrever! Basta preencher a\u00a0Ficha de Inscri\u00e7\u00e3o, localizada no banner acima, e comparecer junto ao escrit\u00f3rio do Fundo Social de Solidariedade de Mongagu\u00e1, localizado na Rua Porto Alegre, 81, Centro, das 8h \u00e0s 17h, at\u00e9 sexta-feira (4). O banner tamb\u00e9m est\u00e1 dispon\u00edvel como pop-up na p\u00e1gina inicial da Prefeitura.<\/p>\n<p>\u00a0<\/p>\n<p>Al\u00e9m disso, ser\u00e1 necess\u00e1rio levar os seguintes documentos:<\/p>\n<p>\u00a0<\/p>\n<p><strong>Para Quiosques de Alimenta\u00e7\u00e3o:<\/strong><br \/>&#13;<br \/>\n&#8211; Cart\u00e3o de CNPJ Atualizado com CNAE de Atividade Aliment\u00edcia<br \/>&#13;<br \/>\n&#8211; Certid\u00e3o negativa d\u00e9bitos municipais (emitida no Setor de ISS no Pa\u00e7o Municipal | Av. Get\u00falio Vargas, 67, Centro)<br \/>&#13;<br \/>\n&#8211; Comprovante de Endere\u00e7o Comercial<br \/>&#13;<br \/>\n&#8211; C\u00f3pia do CPF do Respons\u00e1vel<\/p>\n<p>\u00a0<\/p>\n<p><strong>Para Artes\u00e3os:<\/strong><br \/>&#13;<br \/>\n&#8211; C\u00f3pia do CPF do Respons\u00e1vel<br \/>&#13;<br \/>\n&#8211; Comprovante de Resid\u00eancia<br \/>&#13;<br \/>\n&#8211; Cadastro na Secretaria de Turismo<br \/>&#13;<br \/>\n&#8211; Foto do Material Produzido<\/p>\n<p>\u00a0<\/p>\n<p><strong>Para Empreendedores:<\/strong><br \/>&#13;<br \/>\n&#8211; Cart\u00e3o de CNPJ Atualizado<br \/>&#13;<br \/>\n&#8211; Certid\u00e3o negativa d\u00e9bitos municipais (emitida no Setor de ISS no Pa\u00e7o Municipal | Av. Get\u00falio Vargas, 67, Centro)<br \/>&#13;<br \/>\n&#8211; Comprovante de Endere\u00e7o Comercial<br \/>&#13;<br \/>\n&#8211; C\u00f3pia do CPF do Respons\u00e1vel<\/p>\n<p>\u00a0<\/p>\n<p><strong>Para Ambulantes (\u00c1rea Externa):<\/strong><br \/>&#13;<br \/>\n&#8211; C\u00f3pia do CPF do Respons\u00e1vel<br \/>&#13;<br \/>\n&#8211; Comprovante de Resid\u00eancia<br \/>&#13;<br \/>\n&#8211; Alvar\u00e1 de Licen\u00e7a Regular<\/p>\n<p>\u00a0<\/p>\n<p><strong>ATEN\u00c7\u00c3O!:<\/strong>\u00a0Para se cadastrar \u00e9 necess\u00e1rio atender aos requisitos do Decreto Municipal 7.872 de 2025, publicado no\u00a0<strong>Di\u00e1rio Oficial Eletr\u00f4nico<\/strong>\u00a0nesta ter\u00e7a-feira (1), e dispon\u00edvel tamb\u00e9m clicando\u00a0<strong>aqui<\/strong>.<\/p>\n<p>\u00a0<\/p>\n<p><strong>Fest\u00e3o na Praia\u00a0<\/strong><\/p>\n<p>Tradicionalmente, o evento conta com uma ampla variedade de atra\u00e7\u00f5es culturais e gastron\u00f4micas e musicais, incluindo uma vasta pra\u00e7a de alimenta\u00e7\u00e3o com dezenas de barracas t\u00edpicas e shows de grandes nomes da m\u00fasica brasileira.<\/p>\n<p>\u00a0<\/p>\n<p>A previs\u00e3o \u00e9 de que o Fest\u00e3o atraia mais de 10 mil pessoas por fim de semana, com uma programa\u00e7\u00e3o diversificada para agradar todos os gostos e idades. Este ano, o Fest\u00e3o na Praia, receber\u00e1 o Festival de Inverno do Empreendedor, uma realiza\u00e7\u00e3o do Minist\u00e9rio do Empreendedorismo, da Microempresa e da Empresa de Pequeno Porte do Governo Federal, da Secretaria do Estado de Turismo, Governo de S\u00e3o Paulo.<\/p>\n<p>\u00a0<\/p>\n<p>O 20\u00ba Fest\u00e3o na Praia \u00e9 uma iniciativa da Prefeitura de Mongagu\u00e1, coordenada pela Secretaria Municipal de Turismo e Secretaria Municipal de Assist\u00eancia Social.<\/p>\n<\/p><\/div>\n<p><script async defer crossorigin=\"anonymous\" src=\"https:\/\/connect.facebook.net\/pt_BR\/sdk.js#xfbml=1&#038;version=v12.0&#038;appId=&#038;autoLogAppEvents=1\" nonce=\"ou0fI1lo\"><\/script><br \/>\n<br \/><br \/>\n<br \/>Fonte: <a href=\"https:\/\/www.bs9.com.br\/litoral\/prefeitura-abre-inscricoes-para-o-20o-festao-na-praia-festival-de\/33011\/\">BS9<\/a><\/p>\n","protected":false},"excerpt":{"rendered":"<p>Mongagu\u00e1 se prepara para receber um dos maiores eventos da Baixada Santista. \u00a0 A partir de 11 de julho, a 20\u00aa edi\u00e7\u00e3o do Fest\u00e3o na Praia: Festival de Inverno do Empreendedor promete agitar a Pra\u00e7a de Eventos Dudu Samba, no Centro \u2014 \u00e0s sextas, s\u00e1bados e domingos. \u00a0 https:\/\/ecrie.com.br\/Sistema\/Default.aspx?ReturnUrl=%2fsistema%2fFicha+de+Inscri%c3%a7%c3%a3o \u00a0 Artes\u00e3os, empreendedores e comerciantes j\u00e1 [&hellip;]<\/p>\n","protected":false},"author":5,"featured_media":28509,"comment_status":"open","ping_status":"open","sticky":false,"template":"","format":"standard","meta":{"_seopress_robots_primary_cat":"","_seopress_titles_title":"","_seopress_titles_desc":"","_seopress_robots_index":"","footnotes":""},"categories":[52],"tags":[],"class_list":["post-28508","post","type-post","status-publish","format-standard","has-post-thumbnail","hentry","category-santoseregiao"],"_links":{"self":[{"href":"https:\/\/mussicom.com\/noticias\/wp-json\/wp\/v2\/posts\/28508","targetHints":{"allow":["GET"]}}],"collection":[{"href":"https:\/\/mussicom.com\/noticias\/wp-json\/wp\/v2\/posts"}],"about":[{"href":"https:\/\/mussicom.com\/noticias\/wp-json\/wp\/v2\/types\/post"}],"author":[{"embeddable":true,"href":"https:\/\/mussicom.com\/noticias\/wp-json\/wp\/v2\/users\/5"}],"replies":[{"embeddable":true,"href":"https:\/\/mussicom.com\/noticias\/wp-json\/wp\/v2\/comments?post=28508"}],"version-history":[{"count":0,"href":"https:\/\/mussicom.com\/noticias\/wp-json\/wp\/v2\/posts\/28508\/revisions"}],"wp:featuredmedia":[{"embeddable":true,"href":"https:\/\/mussicom.com\/noticias\/wp-json\/wp\/v2\/media\/28509"}],"wp:attachment":[{"href":"https:\/\/mussicom.com\/noticias\/wp-json\/wp\/v2\/media?parent=28508"}],"wp:term":[{"taxonomy":"category","embeddable":true,"href":"https:\/\/mussicom.com\/noticias\/wp-json\/wp\/v2\/categories?post=28508"},{"taxonomy":"post_tag","embeddable":true,"href":"https:\/\/mussicom.com\/noticias\/wp-json\/wp\/v2\/tags?post=28508"}],"curies":[{"name":"wp","href":"https:\/\/api.w.org\/{rel}","templated":true}]}}