{"id":28496,"date":"2025-07-04T22:37:20","date_gmt":"2025-07-05T01:37:20","guid":{"rendered":"https:\/\/mussicom.com\/santos-reforca-acolhimento-a-pessoas-em-situacao-de-rua\/"},"modified":"2025-07-04T22:37:20","modified_gmt":"2025-07-05T01:37:20","slug":"santos-reforca-acolhimento-a-pessoas-em-situacao-de-rua","status":"publish","type":"post","link":"https:\/\/mussicom.com\/noticias\/santos-reforca-acolhimento-a-pessoas-em-situacao-de-rua\/","title":{"rendered":"Santos refor\u00e7a acolhimento a pessoas em situa\u00e7\u00e3o de rua"},"content":{"rendered":"<p> <br \/>\n<\/p>\n<div><\/p>\n<div>Com a chegada do frio, a Prefeitura de Santos, por meio da Secretaria de Desenvolvimento Social (Seds), intensificou o trabalho de acolhimento<\/div>\n<\/div>\n<p><br \/>\n<br \/>Fonte: <a href=\"https:\/\/jornaldaorla.com.br\/noticias\/santos-reforca-acolhimento-a-pessoas-em-situacao-de-rua\/\">Jornal Da Orla<\/a><\/p>\n","protected":false},"excerpt":{"rendered":"<p>Com a chegada do frio, a Prefeitura de Santos, por meio da Secretaria de Desenvolvimento Social (Seds), intensificou o trabalho de acolhimento Fonte: Jornal Da Orla<\/p>\n","protected":false},"author":5,"featured_media":28497,"comment_status":"open","ping_status":"open","sticky":false,"template":"","format":"standard","meta":{"_seopress_robots_primary_cat":"","_seopress_titles_title":"","_seopress_titles_desc":"","_seopress_robots_index":"","footnotes":""},"categories":[52],"tags":[],"class_list":["post-28496","post","type-post","status-publish","format-standard","has-post-thumbnail","hentry","category-santoseregiao"],"_links":{"self":[{"href":"https:\/\/mussicom.com\/noticias\/wp-json\/wp\/v2\/posts\/28496","targetHints":{"allow":["GET"]}}],"collection":[{"href":"https:\/\/mussicom.com\/noticias\/wp-json\/wp\/v2\/posts"}],"about":[{"href":"https:\/\/mussicom.com\/noticias\/wp-json\/wp\/v2\/types\/post"}],"author":[{"embeddable":true,"href":"https:\/\/mussicom.com\/noticias\/wp-json\/wp\/v2\/users\/5"}],"replies":[{"embeddable":true,"href":"https:\/\/mussicom.com\/noticias\/wp-json\/wp\/v2\/comments?post=28496"}],"version-history":[{"count":0,"href":"https:\/\/mussicom.com\/noticias\/wp-json\/wp\/v2\/posts\/28496\/revisions"}],"wp:featuredmedia":[{"embeddable":true,"href":"https:\/\/mussicom.com\/noticias\/wp-json\/wp\/v2\/media\/28497"}],"wp:attachment":[{"href":"https:\/\/mussicom.com\/noticias\/wp-json\/wp\/v2\/media?parent=28496"}],"wp:term":[{"taxonomy":"category","embeddable":true,"href":"https:\/\/mussicom.com\/noticias\/wp-json\/wp\/v2\/categories?post=28496"},{"taxonomy":"post_tag","embeddable":true,"href":"https:\/\/mussicom.com\/noticias\/wp-json\/wp\/v2\/tags?post=28496"}],"curies":[{"name":"wp","href":"https:\/\/api.w.org\/{rel}","templated":true}]}}