{"id":28455,"date":"2025-07-04T15:05:15","date_gmt":"2025-07-04T18:05:15","guid":{"rendered":"https:\/\/mussicom.com\/cpnu-2-alcanca-mais-de-100-mil-inscricoes-em-24-horas\/"},"modified":"2025-07-04T15:05:15","modified_gmt":"2025-07-04T18:05:15","slug":"cpnu-2-alcanca-mais-de-100-mil-inscricoes-em-24-horas","status":"publish","type":"post","link":"https:\/\/mussicom.com\/noticias\/cpnu-2-alcanca-mais-de-100-mil-inscricoes-em-24-horas\/","title":{"rendered":"CPNU 2 alcan\u00e7a mais de 100 mil inscri\u00e7\u00f5es em 24 horas"},"content":{"rendered":"<p> <br \/>\n<\/p>\n<p>\n\t\t\t\t\t\tO n\u00famero total de participantes ser\u00e1 divulgado ap\u00f3s 21 de julho, data limite para pagamento da taxa de inscri\u00e7\u00e3o.<br \/>\n\t\t\t\t\t\t &#8211; \t\t\t\t\t\tArquivo \/ Ag\u00eancia Brasil\n\t\t\t\t\t<\/p>\n<div id=\"texto\">\n<p>Em menos de 24 horas, mais de 100 mil pessoas j\u00e1 realizaram inscri\u00e7\u00e3o para a segunda edi\u00e7\u00e3o do Concurso P\u00fablico Nacional Unificado (CPNU). Os interessados podem se inscrever at\u00e9 o dia 20. O n\u00famero total de participantes ser\u00e1 divulgado ap\u00f3s 21 de julho, data limite para pagamento da taxa de inscri\u00e7\u00e3o. Ao todo, o CPNU 2 vai selecionar 3.652 candidatas e candidatos para 32 \u00f3rg\u00e3os da Administra\u00e7\u00e3o P\u00fablica Federal, organizados em nove blocos tem\u00e1ticos. S\u00e3o 3.144 vagas de n\u00edvel superior e 508 de n\u00edvel intermedi\u00e1rio.<br \/>&#13;<br \/>\n\u00a0<\/p>\n<p>&#8220;A gente est\u00e1 super feliz de novo com a velocidade das inscri\u00e7\u00f5es. Em 23 horas, j\u00e1 temos mais de 100 mil inscritos (100.070 inscritos) em todos os blocos. Ent\u00e3o, a gente est\u00e1 bem feliz, mais uma vez, com a ades\u00e3o da popula\u00e7\u00e3o na nossa modalidade de concursos&#8221;, afirmou a ministra da Gest\u00e3o e Inova\u00e7\u00e3o em Servi\u00e7os P\u00fablicos, Esther Dweck.<br \/>&#13;<br \/>\n\u00a0<\/p>\n<p><strong>INCLUS\u00c3O \u2014<\/strong>\u00a0O edital mant\u00e9m o modelo inovador do concurso nacional, com foco na inclus\u00e3o, equidade e moderniza\u00e7\u00e3o do acesso ao servi\u00e7o p\u00fablico. O CPNU incorpora uma s\u00e9rie de medidas alinhadas \u00e0 Lei n\u00ba 14.723\/2023 (Nova Lei de Cotas) e \u00e0s diretrizes de direitos humanos e pol\u00edticas p\u00fablicas, garantindo maior representatividade e diversidade na administra\u00e7\u00e3o p\u00fablica.<br \/>&#13;<br \/>\n\u00a0<\/p>\n<p>Uma das novidades \u00e9 a pol\u00edtica de equipara\u00e7\u00e3o entre homens e mulheres na convoca\u00e7\u00e3o para a segunda etapa, correspondente \u00e0 prova discursiva. Ser\u00e1 garantida a presen\u00e7a de pelo menos 50% de mulheres entre os convocados para a segunda fase do concurso (prova discursiva). Se o percentual m\u00ednimo n\u00e3o for atingido com base nas notas da prova objetiva, mais mulheres ser\u00e3o chamadas al\u00e9m do n\u00famero inicialmente previsto.<br \/>&#13;<br \/>\n\u00a0<\/p>\n<p>A medida busca enfrentar a disparidade observada na primeira edi\u00e7\u00e3o: embora as mulheres tenham sido maioria nas inscri\u00e7\u00f5es (56%) e presen\u00e7a significativa na prova (54%), representaram 37% das aprova\u00e7\u00f5es. &#8220;Resolvemos adotar uma medida que foi feita no concurso do Itamaraty. A l\u00f3gica \u00e9 equiparar, na passagem da prova objetiva para a prova discursiva, o mesmo n\u00famero, no m\u00ednimo, de homens e mulheres. Se tiverem mais mulheres, n\u00e3o se aplica essa regra&#8221;, detalhou a ministra.<br \/>&#13;<br \/>\n\u00a0<\/p>\n<p>Essa amplia\u00e7\u00e3o n\u00e3o retira a vaga de ningu\u00e9m: todos os candidatos que atingirem a nota m\u00ednima ser\u00e3o convocados normalmente. O que muda \u00e9 que, quando necess\u00e1rio, o n\u00famero de mulheres ser\u00e1 complementado para assegurar equidade. Essa regra n\u00e3o altera o resultado final, que continuar\u00e1 sendo definido pela soma da nota da objetiva, discursiva e de t\u00edtulos (quando houver).<br \/>&#13;<br \/>\n\u00a0<\/p>\n<p>De acordo com a ministra, a desigualdade de tempo dispon\u00edvel para estudo \u00e9 um dos fatores que prejudicam o desempenho feminino, em fun\u00e7\u00e3o da sobrecarga de trabalho e cuidado. J\u00e1 na etapa discursiva, em que \u00e9 avaliada tamb\u00e9m a bagagem acumulada ao longo da vida, as mulheres tendem a ter desempenho mais equilibrado. &#8220;A prova objetiva requer estudo mais focado, a gente percebe que as mulheres, pela dupla, tripla jornada, t\u00eam mais dificuldade de fazer aquele estudo focado. Ent\u00e3o, na nossa vis\u00e3o, dar chance para que elas possam entrar e concorrer nessa segunda etapa, na mesma quantidade que os homens, ajudaria&#8221;, avaliou.<br \/>&#13;<br \/>\n\u00a0<\/p>\n<p>&gt;&gt;&gt; Confira novas regras de inclus\u00e3o<br \/>&#13;<br \/>\n\u00a0<\/p>\n<p><strong>SEGURAN\u00c7A \u2014<\/strong>\u00a0O CPNU 2 tamb\u00e9m traz avan\u00e7os importantes nas medidas de seguran\u00e7a. Uma das principais inova\u00e7\u00f5es \u00e9 a identifica\u00e7\u00e3o dos cart\u00f5es de resposta e das reda\u00e7\u00f5es por meio de c\u00f3digo de barras individual, garantindo o anonimato dos candidatos durante a corre\u00e7\u00e3o e refor\u00e7ando a integridade do processo seletivo. Outros procedimentos de identifica\u00e7\u00e3o tamb\u00e9m ser\u00e3o mantidos e aprimorados, como a coleta de dados biom\u00e9tricos (impress\u00f5es digitais), assinatura em pr\u00f3prio punho e exame grafol\u00f3gico, todos aplicados de forma padronizada em todo o pa\u00eds.<br \/>&#13;<br \/>\n\u00a0<\/p>\n<p>A estrutura de seguran\u00e7a p\u00fablica adotada na primeira edi\u00e7\u00e3o ser\u00e1 mantida e aperfei\u00e7oada. O planejamento e o monitoramento das etapas contam com a atua\u00e7\u00e3o estrat\u00e9gica da Enap (Escola Nacional de Administra\u00e7\u00e3o P\u00fablica) e do Minist\u00e9rio da Justi\u00e7a e Seguran\u00e7a P\u00fablica, garantindo o apoio de \u00f3rg\u00e3os federais e estaduais de seguran\u00e7a em todas as fases do concurso. O esquema de monitoramento cont\u00ednuo prev\u00ea fiscaliza\u00e7\u00e3o pr\u00f3xima, capacita\u00e7\u00e3o constante das equipes e a atua\u00e7\u00e3o de um grupo de gest\u00e3o de crise formado por \u00f3rg\u00e3os governamentais.<br \/>&#13;<br \/>\n\u00a0<\/p>\n<p><strong>CRONOGRAMA \u2013 CPNU 2<\/strong><\/p>\n<ul>&#13;<\/p>\n<li>Inscri\u00e7\u00f5es: 2 a 20\/7\/2025<\/li>\n<p>&#13;<\/p>\n<li>Pagamento da taxa de R$ 70,00: at\u00e9 21\/7\/2025<\/li>\n<p>&#13;<\/p>\n<li>Solicita\u00e7\u00e3o de isen\u00e7\u00e3o da taxa: 2 a 8\/7\/2025<\/li>\n<p>&#13;<\/p>\n<li>Prova objetiva: 5\/10\/2025<\/li>\n<p>&#13;<\/p>\n<li>Divulga\u00e7\u00e3o do resultado da objetiva e convoca\u00e7\u00e3o para a discursiva: 12\/11\/2025<\/li>\n<p>&#13;<\/p>\n<li>Envio de t\u00edtulos: 13 a 19\/11\/2025<\/li>\n<p>&#13;<\/p>\n<li>Prova discursiva: 7\/12\/2025<\/li>\n<p>&#13;<\/p>\n<li>Procedimento de confirma\u00e7\u00e3o de cotas: 30\/11 a 8\/12\/2025<\/li>\n<p>&#13;<\/p>\n<li>Divulga\u00e7\u00e3o da primeira lista de classifica\u00e7\u00e3o: 30\/01\/2026<\/li>\n<p>&#13;\n<\/ul>\n<p>\u00a0<\/p>\n<p><em>\u00a0Secretaria de Comunica\u00e7\u00e3o Social da Presid\u00eancia da Rep\u00fablica<\/em><br \/>&#13;<br \/>\n\u00a0<\/p>\n<\/p><\/div>\n<p><script async defer crossorigin=\"anonymous\" src=\"https:\/\/connect.facebook.net\/pt_BR\/sdk.js#xfbml=1&#038;version=v12.0&#038;appId=&#038;autoLogAppEvents=1\" nonce=\"ou0fI1lo\"><\/script><br \/>\n<br \/><br \/>\n<br \/>Fonte: <a href=\"https:\/\/www.bs9.com.br\/brasil\/cpnu-2-alcanca-mais-de-100-mil-inscricoes-em-24-horas\/32993\/\">BS9<\/a><\/p>\n","protected":false},"excerpt":{"rendered":"<p>O n\u00famero total de participantes ser\u00e1 divulgado ap\u00f3s 21 de julho, data limite para pagamento da taxa de inscri\u00e7\u00e3o. &#8211; Arquivo \/ Ag\u00eancia Brasil Em menos de 24 horas, mais de 100 mil pessoas j\u00e1 realizaram inscri\u00e7\u00e3o para a segunda edi\u00e7\u00e3o do Concurso P\u00fablico Nacional Unificado (CPNU). Os interessados podem se inscrever at\u00e9 o dia [&hellip;]<\/p>\n","protected":false},"author":5,"featured_media":28456,"comment_status":"open","ping_status":"open","sticky":false,"template":"","format":"standard","meta":{"_seopress_robots_primary_cat":"","_seopress_titles_title":"","_seopress_titles_desc":"","_seopress_robots_index":"","footnotes":""},"categories":[52],"tags":[],"class_list":["post-28455","post","type-post","status-publish","format-standard","has-post-thumbnail","hentry","category-santoseregiao"],"_links":{"self":[{"href":"https:\/\/mussicom.com\/noticias\/wp-json\/wp\/v2\/posts\/28455","targetHints":{"allow":["GET"]}}],"collection":[{"href":"https:\/\/mussicom.com\/noticias\/wp-json\/wp\/v2\/posts"}],"about":[{"href":"https:\/\/mussicom.com\/noticias\/wp-json\/wp\/v2\/types\/post"}],"author":[{"embeddable":true,"href":"https:\/\/mussicom.com\/noticias\/wp-json\/wp\/v2\/users\/5"}],"replies":[{"embeddable":true,"href":"https:\/\/mussicom.com\/noticias\/wp-json\/wp\/v2\/comments?post=28455"}],"version-history":[{"count":0,"href":"https:\/\/mussicom.com\/noticias\/wp-json\/wp\/v2\/posts\/28455\/revisions"}],"wp:featuredmedia":[{"embeddable":true,"href":"https:\/\/mussicom.com\/noticias\/wp-json\/wp\/v2\/media\/28456"}],"wp:attachment":[{"href":"https:\/\/mussicom.com\/noticias\/wp-json\/wp\/v2\/media?parent=28455"}],"wp:term":[{"taxonomy":"category","embeddable":true,"href":"https:\/\/mussicom.com\/noticias\/wp-json\/wp\/v2\/categories?post=28455"},{"taxonomy":"post_tag","embeddable":true,"href":"https:\/\/mussicom.com\/noticias\/wp-json\/wp\/v2\/tags?post=28455"}],"curies":[{"name":"wp","href":"https:\/\/api.w.org\/{rel}","templated":true}]}}