{"id":28356,"date":"2025-07-03T15:32:13","date_gmt":"2025-07-03T18:32:13","guid":{"rendered":"https:\/\/mussicom.com\/sedpcd-abre-inscricoes-para-curso-basico-de-libras\/"},"modified":"2025-07-03T15:32:13","modified_gmt":"2025-07-03T18:32:13","slug":"sedpcd-abre-inscricoes-para-curso-basico-de-libras","status":"publish","type":"post","link":"https:\/\/mussicom.com\/noticias\/sedpcd-abre-inscricoes-para-curso-basico-de-libras\/","title":{"rendered":"SEDPcD abre inscri\u00e7\u00f5es para Curso B\u00e1sico de Libras"},"content":{"rendered":"<p> <br \/>\n<\/p>\n<div id=\"\">&#13;<\/p>\n<p>A Secretaria de Estado dos Direitos da Pessoa com Defici\u00eancia (SEDPcD), por meio da Escola da Inclus\u00e3o, abre nesta ter\u00e7a-feira (1\u00ba de julho), \u00e0s 10h, as inscri\u00e7\u00f5es para uma nova edi\u00e7\u00e3o do Curso B\u00e1sico de Libras, oferecido gratuitamente em plataforma online. Nesta fase, ser\u00e3o disponibilizadas oito turmas, cada uma com 70 vagas, com op\u00e7\u00f5es de aulas \u00e0s segundas, quartas e sextas-feiras; \u00e0s ter\u00e7as e quintas; ou aos s\u00e1bados. As atividades ter\u00e3o in\u00edcio no dia 7 de julho e ser\u00e3o ministradas ao vivo por professores surdos.<\/p>\n<p>&#13;<br \/>\n&#13;<\/p>\n<p>\u00a0<\/p>\n<p>&#13;<br \/>\n&#13;<\/p>\n<p>Com carga hor\u00e1ria total de 40 horas, o curso permite que os interessados escolham a turma desejada no momento da inscri\u00e7\u00e3o. N\u00e3o \u00e9 necess\u00e1rio preencher m\u00faltiplos formul\u00e1rios, j\u00e1 que n\u00e3o haver\u00e1 sorteio. Ap\u00f3s o cadastro correto, o estudante receber\u00e1 por e-mail todas as instru\u00e7\u00f5es para acompanhar as aulas.<\/p>\n<p>&#13;<br \/>\n&#13;<\/p>\n<p>\u00a0<\/p>\n<p>&#13;<br \/>\n&#13;<\/p>\n<p>Podem participar pessoas com 18 anos ou mais. \u00c9 obrigat\u00f3ria a utiliza\u00e7\u00e3o de c\u00e2mera durante os encontros on-line, que ocorrer\u00e3o pela plataforma Zoom. Para receber o certificado de conclus\u00e3o, o aluno dever\u00e1 ter, no m\u00ednimo, 75% de frequ\u00eancia e m\u00e9dia final superior a 5,0 nas avalia\u00e7\u00f5es.<\/p>\n<p>&#13;<br \/>\n&#13;<\/p>\n<p>\u00a0<\/p>\n<p>&#13;<br \/>\n&#13;<\/p>\n<p>A capacita\u00e7\u00e3o, que faz parte da Escola da Inclus\u00e3o, tem como objetivo preparar ouvintes para se comunicarem em Libras, possibilitando mais inclus\u00e3o e intera\u00e7\u00e3o com as mais de 592 mil pessoas surdas que vivem no estado de S\u00e3o Paulo, segundo dados do Observat\u00f3rio dos Direitos da Pessoa com Defici\u00eancia.<\/p>\n<p>&#13;<br \/>\n&#13;<\/p>\n<p>\u00a0<\/p>\n<p>&#13;<br \/>\n&#13;<\/p>\n<p>O conte\u00fado contempla os seguintes temas: O que \u00e9 libras; Identidade surda; Cultura surda; Comunica\u00e7\u00e3o: surdo x ouvinte; Regionalismos na libras; Sistema de nota\u00e7\u00e3o da libras; Alfabeto manual; Sinais pessoais; Cumprimentos\/sauda\u00e7\u00f5es; Condi\u00e7\u00f5es clim\u00e1ticas; Adv\u00e9rbios de tempo e calend\u00e1rio; Singular e plural; Animais; Express\u00f5es faciais; Materiais escolares e de escrit\u00f3rio; Pronomes pessoais, possessivos, demonstrativos e interrogativos; N\u00fameros: cardinais e quantidades; Dias da semana; Fam\u00edlia; Sentimentos; Horas\/dura\u00e7\u00e3o; Ambientes da resid\u00eancia; Localidades; Dire\u00e7\u00e3o\/perspectiva; Meios de transporte; Profiss\u00f5es; Documentos; Verbos; Configura\u00e7\u00f5es de m\u00e3o.<\/p>\n<p>&#13;<br \/>\n&#13;<\/p>\n<p>\u00a0<\/p>\n<p>&#13;<br \/>\n&#13;<\/p>\n<p><strong>Servi\u00e7o \u2013 Inscri\u00e7\u00f5es para o Curso de Libras B\u00e1sico de Julho \/ 2025<\/strong><\/p>\n<p>&#13;<br \/>\n&#13;<\/p>\n<p>Formul\u00e1rios de inscri\u00e7\u00e3o por turma ser\u00e3o abertos ao p\u00fablico no dia 1\u00ba de julho, \u00e0s 10h, no\u00a0site da Secretaria.<\/p>\n<p>&#13;\n\t\t\t\t\t\t\t\t\t<\/p><\/div>\n<p><script async defer crossorigin=\"anonymous\" src=\"https:\/\/connect.facebook.net\/pt_BR\/sdk.js#xfbml=1&#038;version=v12.0&#038;appId=&#038;autoLogAppEvents=1\" nonce=\"ou0fI1lo\"><\/script><br \/>\n<br \/><br \/>\n<br \/>Fonte: <a href=\"https:\/\/www.bs9.com.br\/brasil\/sedpcd-abre-inscricoes-para-curso-basico-de-libras\/32967\/\">BS9<\/a><\/p>\n","protected":false},"excerpt":{"rendered":"<p>&#13; A Secretaria de Estado dos Direitos da Pessoa com Defici\u00eancia (SEDPcD), por meio da Escola da Inclus\u00e3o, abre nesta ter\u00e7a-feira (1\u00ba de julho), \u00e0s 10h, as inscri\u00e7\u00f5es para uma nova edi\u00e7\u00e3o do Curso B\u00e1sico de Libras, oferecido gratuitamente em plataforma online. Nesta fase, ser\u00e3o disponibilizadas oito turmas, cada uma com 70 vagas, com op\u00e7\u00f5es [&hellip;]<\/p>\n","protected":false},"author":5,"featured_media":28357,"comment_status":"open","ping_status":"open","sticky":false,"template":"","format":"standard","meta":{"_seopress_robots_primary_cat":"","_seopress_titles_title":"","_seopress_titles_desc":"","_seopress_robots_index":"","footnotes":""},"categories":[52],"tags":[],"class_list":["post-28356","post","type-post","status-publish","format-standard","has-post-thumbnail","hentry","category-santoseregiao"],"_links":{"self":[{"href":"https:\/\/mussicom.com\/noticias\/wp-json\/wp\/v2\/posts\/28356","targetHints":{"allow":["GET"]}}],"collection":[{"href":"https:\/\/mussicom.com\/noticias\/wp-json\/wp\/v2\/posts"}],"about":[{"href":"https:\/\/mussicom.com\/noticias\/wp-json\/wp\/v2\/types\/post"}],"author":[{"embeddable":true,"href":"https:\/\/mussicom.com\/noticias\/wp-json\/wp\/v2\/users\/5"}],"replies":[{"embeddable":true,"href":"https:\/\/mussicom.com\/noticias\/wp-json\/wp\/v2\/comments?post=28356"}],"version-history":[{"count":0,"href":"https:\/\/mussicom.com\/noticias\/wp-json\/wp\/v2\/posts\/28356\/revisions"}],"wp:featuredmedia":[{"embeddable":true,"href":"https:\/\/mussicom.com\/noticias\/wp-json\/wp\/v2\/media\/28357"}],"wp:attachment":[{"href":"https:\/\/mussicom.com\/noticias\/wp-json\/wp\/v2\/media?parent=28356"}],"wp:term":[{"taxonomy":"category","embeddable":true,"href":"https:\/\/mussicom.com\/noticias\/wp-json\/wp\/v2\/categories?post=28356"},{"taxonomy":"post_tag","embeddable":true,"href":"https:\/\/mussicom.com\/noticias\/wp-json\/wp\/v2\/tags?post=28356"}],"curies":[{"name":"wp","href":"https:\/\/api.w.org\/{rel}","templated":true}]}}