{"id":28330,"date":"2025-07-03T09:26:33","date_gmt":"2025-07-03T12:26:33","guid":{"rendered":"https:\/\/mussicom.com\/cubatao-oferece-dose-zero-da-vacina-contra-sarampo\/"},"modified":"2025-07-03T09:26:33","modified_gmt":"2025-07-03T12:26:33","slug":"cubatao-oferece-dose-zero-da-vacina-contra-sarampo","status":"publish","type":"post","link":"https:\/\/mussicom.com\/noticias\/cubatao-oferece-dose-zero-da-vacina-contra-sarampo\/","title":{"rendered":"Cubat\u00e3o oferece Dose Zero da vacina contra sarampo"},"content":{"rendered":"<p> <br \/>\n<\/p>\n<div id=\"texto\">\n<p>As 15 unidades de Sa\u00fade de Cubat\u00e3o com salas de vacina iniciaram a aplica\u00e7\u00e3o da Dose Zero (D0) da vacina contra o sarampo em crian\u00e7as a partir de 6 meses e menores de 1 ano de idade, uma recomenda\u00e7\u00e3o do Minist\u00e9rio da Sa\u00fade.\u00a0\u00a0A Dose Zero faz parte de uma estrat\u00e9gia para proteger ainda mais as crian\u00e7as e \u00e9 aplicada antes das doses de rotina, aos 12 e 15 meses. A D0 n\u00e3o substitui as doses de rotina, que continuam sendo importantes, \u00e9 um refor\u00e7o antecipado que, junto com as demais doses, \u00e9 a melhor forma de evitar o sarampo, uma doen\u00e7a que pode ser grave.<\/p>\n<p>\u00a0<\/p>\n<p><strong>Cobertura<\/strong>\u00a0\u2013 A vacina tr\u00edplice viral, que, al\u00e9m do sarampo, protege tamb\u00e9m contra caxumba e rub\u00e9ola, \u00e9 aplicada na rotina do Plano Nacional de Imuniza\u00e7\u00f5es (PNI) em duas doses. Em Cubat\u00e3o, a cobertura da tr\u00edplice viral em 2025 est\u00e1 acima da meta preconizada pelo PNI, que \u00e9 de 95% das crian\u00e7as vacinadas.<\/p>\n<p>\u00a0<\/p>\n<p><strong>Salas de vacina<\/strong>\u00a0\u2013 Al\u00e9m, da tr\u00edplice viral, todas as vacinas do PNI est\u00e3o dispon\u00edveis nas 15 unidades de Sa\u00fade do munic\u00edpio com salas de vacina, de segunda a sexta-feira, das 9 \u00e0s 16 horas, e tamb\u00e9m nas unidades que funcionam com hor\u00e1rio ampliado at\u00e9 as 19 horas.\u00a0Confira os locais e mais informa\u00e7\u00f5es sobre a vacina\u00e7\u00e3o na cidade em\u00a0https:\/\/www.cubatao.sp.gov.br\/wp-content\/uploads\/2024\/12\/Quadro-de-vacinas-2025.pdf.<\/p>\n<p>\u00a0<\/p>\n<p><strong>Sarampo<\/strong>\u00a0\u2013 O sarampo \u00e9 uma doen\u00e7a contagiosa causada por um v\u00edrus que se espalha facilmente pelo ar quando uma pessoa infectada tosse, espirra ou fala perto de outras pessoas.\u00a0Os sintomas mais comuns s\u00e3o febre alta, manchas vermelhas no corpo (que come\u00e7am no rosto e depois se espalham), tosse, coriza e olhos vermelhos e sens\u00edveis \u00e0 luz.\u00a0O sarampo pode causar complica\u00e7\u00f5es s\u00e9rias, especialmente em crian\u00e7as pequenas, como pneumonia, infec\u00e7\u00f5es no ouvido, diarreia e, em casos mais graves, inflama\u00e7\u00e3o do c\u00e9rebro, que pode levar \u00e0 morte.<\/p>\n<p>\u00a0<\/p>\n<p><strong>Alerta no continente<\/strong>\u00a0\u2013 At\u00e9 abril de 2025 foram confirmados 2.325 casos de sarampo nas Am\u00e9ricas, com quatro \u00f3bitos. Esses casos aconteceram em v\u00e1rios pa\u00edses, incluindo Argentina, Belize, Bol\u00edvia, Canad\u00e1, M\u00e9xico, Estados Unidos e Brasil.\u00a0Esse n\u00famero \u00e9 11 vezes maior do que o registrado no mesmo per\u00edodo de 2024, quando foram confirmados 205 casos. O aumento de casos em outros pa\u00edses representa um risco de a doen\u00e7a voltar a aparecer no Brasil, o que demonstra a necessidade de refor\u00e7ar a vacina\u00e7\u00e3o e o monitoramento, inclusive com a ado\u00e7\u00e3o da Dose Zero (D0), para beb\u00eas de 6 meses a 11 meses e 29 dias.<\/p>\n<\/p><\/div>\n<p><script async defer crossorigin=\"anonymous\" src=\"https:\/\/connect.facebook.net\/pt_BR\/sdk.js#xfbml=1&#038;version=v12.0&#038;appId=&#038;autoLogAppEvents=1\" nonce=\"ou0fI1lo\"><\/script><br \/>\n<br \/><br \/>\n<br \/>Fonte: <a href=\"https:\/\/www.bs9.com.br\/litoral\/cubatao-oferece-dose-zero-da-vacina-contra-sarampo\/32928\/\">BS9<\/a><\/p>\n","protected":false},"excerpt":{"rendered":"<p>As 15 unidades de Sa\u00fade de Cubat\u00e3o com salas de vacina iniciaram a aplica\u00e7\u00e3o da Dose Zero (D0) da vacina contra o sarampo em crian\u00e7as a partir de 6 meses e menores de 1 ano de idade, uma recomenda\u00e7\u00e3o do Minist\u00e9rio da Sa\u00fade.\u00a0\u00a0A Dose Zero faz parte de uma estrat\u00e9gia para proteger ainda mais as [&hellip;]<\/p>\n","protected":false},"author":5,"featured_media":28331,"comment_status":"open","ping_status":"open","sticky":false,"template":"","format":"standard","meta":{"_seopress_robots_primary_cat":"","_seopress_titles_title":"","_seopress_titles_desc":"","_seopress_robots_index":"","footnotes":""},"categories":[52],"tags":[],"class_list":["post-28330","post","type-post","status-publish","format-standard","has-post-thumbnail","hentry","category-santoseregiao"],"_links":{"self":[{"href":"https:\/\/mussicom.com\/noticias\/wp-json\/wp\/v2\/posts\/28330","targetHints":{"allow":["GET"]}}],"collection":[{"href":"https:\/\/mussicom.com\/noticias\/wp-json\/wp\/v2\/posts"}],"about":[{"href":"https:\/\/mussicom.com\/noticias\/wp-json\/wp\/v2\/types\/post"}],"author":[{"embeddable":true,"href":"https:\/\/mussicom.com\/noticias\/wp-json\/wp\/v2\/users\/5"}],"replies":[{"embeddable":true,"href":"https:\/\/mussicom.com\/noticias\/wp-json\/wp\/v2\/comments?post=28330"}],"version-history":[{"count":0,"href":"https:\/\/mussicom.com\/noticias\/wp-json\/wp\/v2\/posts\/28330\/revisions"}],"wp:featuredmedia":[{"embeddable":true,"href":"https:\/\/mussicom.com\/noticias\/wp-json\/wp\/v2\/media\/28331"}],"wp:attachment":[{"href":"https:\/\/mussicom.com\/noticias\/wp-json\/wp\/v2\/media?parent=28330"}],"wp:term":[{"taxonomy":"category","embeddable":true,"href":"https:\/\/mussicom.com\/noticias\/wp-json\/wp\/v2\/categories?post=28330"},{"taxonomy":"post_tag","embeddable":true,"href":"https:\/\/mussicom.com\/noticias\/wp-json\/wp\/v2\/tags?post=28330"}],"curies":[{"name":"wp","href":"https:\/\/api.w.org\/{rel}","templated":true}]}}