{"id":28320,"date":"2025-07-03T05:21:15","date_gmt":"2025-07-03T08:21:15","guid":{"rendered":"https:\/\/mussicom.com\/obras-de-acesso-ao-aeroporto-interditam-avenida-em-vicente-de-carvalho\/"},"modified":"2025-07-03T05:21:15","modified_gmt":"2025-07-03T08:21:15","slug":"obras-de-acesso-ao-aeroporto-interditam-avenida-em-vicente-de-carvalho","status":"publish","type":"post","link":"https:\/\/mussicom.com\/noticias\/obras-de-acesso-ao-aeroporto-interditam-avenida-em-vicente-de-carvalho\/","title":{"rendered":"Obras de acesso ao Aeroporto interditam avenida em Vicente de Carvalho"},"content":{"rendered":"<p> <br \/>\n<\/p>\n<div id=\"texto\">\n<p>A Prefeitura de Guaruj\u00e1 iniciou a primeira fase das obras de reforma do acesso vi\u00e1rio ao Aeroporto Civil Metropolitano de Guaruj\u00e1.<\/p>\n<p>\u00a0<\/p>\n<p>Os servi\u00e7os come\u00e7aram nesta quarta-feira (2) e seguir\u00e3o at\u00e9 o dia 31 de julho e incluem interven\u00e7\u00e3o ao longo de 300 metros na Avenida \u00c1urea Gonzales Conde, no sentido Pra\u00e7a 14 Bis, a partir da Rodovia C\u00f4nego Domenico Rangoni, em Vicente de Carvalho. A obra \u00e9 relacionada \u00e0 drenagem de solo, para evitar alagamentos na regi\u00e3o.<\/p>\n<p>\u00a0<\/p>\n<p>\u00a0<\/p>\n<p>Os motoristas que seguem pela rodovia contam com um painel luminoso que avisa sobre a interdi\u00e7\u00e3o do acesso ao Distrito de Vicente de Carvalho enquanto durar o trabalho dos oper\u00e1rios, indicando rotas alternativas.<\/p>\n<p>\u00a0<\/p>\n<p>Ve\u00edculos de grande porte dever\u00e3o utilizar a Rua Idalino Pinez (Rua do Adubo) ou a entrada pelo km 7 da Rodovia C\u00f4nego Domenico Rangoni, ap\u00f3s o Mercado Assa\u00ed. J\u00e1 carros e motos poder\u00e3o acessar o bairro Jardim Progresso atrav\u00e9s do acesso \u00e0 direita da via interditada.<\/p>\n<\/p><\/div>\n<p><script async defer crossorigin=\"anonymous\" src=\"https:\/\/connect.facebook.net\/pt_BR\/sdk.js#xfbml=1&#038;version=v12.0&#038;appId=&#038;autoLogAppEvents=1\" nonce=\"ou0fI1lo\"><\/script><br \/>\n<br \/><br \/>\n<br \/>Fonte: <a href=\"https:\/\/www.bs9.com.br\/litoral\/obras-de-acesso-ao-aeroporto-interditam-avenida-em-vicente-de-carvalho\/32941\/\">BS9<\/a><\/p>\n","protected":false},"excerpt":{"rendered":"<p>A Prefeitura de Guaruj\u00e1 iniciou a primeira fase das obras de reforma do acesso vi\u00e1rio ao Aeroporto Civil Metropolitano de Guaruj\u00e1. \u00a0 Os servi\u00e7os come\u00e7aram nesta quarta-feira (2) e seguir\u00e3o at\u00e9 o dia 31 de julho e incluem interven\u00e7\u00e3o ao longo de 300 metros na Avenida \u00c1urea Gonzales Conde, no sentido Pra\u00e7a 14 Bis, a [&hellip;]<\/p>\n","protected":false},"author":5,"featured_media":28321,"comment_status":"open","ping_status":"open","sticky":false,"template":"","format":"standard","meta":{"_seopress_robots_primary_cat":"","_seopress_titles_title":"","_seopress_titles_desc":"","_seopress_robots_index":"","footnotes":""},"categories":[52],"tags":[],"class_list":["post-28320","post","type-post","status-publish","format-standard","has-post-thumbnail","hentry","category-santoseregiao"],"_links":{"self":[{"href":"https:\/\/mussicom.com\/noticias\/wp-json\/wp\/v2\/posts\/28320","targetHints":{"allow":["GET"]}}],"collection":[{"href":"https:\/\/mussicom.com\/noticias\/wp-json\/wp\/v2\/posts"}],"about":[{"href":"https:\/\/mussicom.com\/noticias\/wp-json\/wp\/v2\/types\/post"}],"author":[{"embeddable":true,"href":"https:\/\/mussicom.com\/noticias\/wp-json\/wp\/v2\/users\/5"}],"replies":[{"embeddable":true,"href":"https:\/\/mussicom.com\/noticias\/wp-json\/wp\/v2\/comments?post=28320"}],"version-history":[{"count":0,"href":"https:\/\/mussicom.com\/noticias\/wp-json\/wp\/v2\/posts\/28320\/revisions"}],"wp:featuredmedia":[{"embeddable":true,"href":"https:\/\/mussicom.com\/noticias\/wp-json\/wp\/v2\/media\/28321"}],"wp:attachment":[{"href":"https:\/\/mussicom.com\/noticias\/wp-json\/wp\/v2\/media?parent=28320"}],"wp:term":[{"taxonomy":"category","embeddable":true,"href":"https:\/\/mussicom.com\/noticias\/wp-json\/wp\/v2\/categories?post=28320"},{"taxonomy":"post_tag","embeddable":true,"href":"https:\/\/mussicom.com\/noticias\/wp-json\/wp\/v2\/tags?post=28320"}],"curies":[{"name":"wp","href":"https:\/\/api.w.org\/{rel}","templated":true}]}}