{"id":28310,"date":"2025-07-03T01:13:39","date_gmt":"2025-07-03T04:13:39","guid":{"rendered":"https:\/\/mussicom.com\/qualifica-sp-novo-emprego-oferece-cursos-profissionalizantes-gratuitos-em-mongagua\/"},"modified":"2025-07-03T01:13:39","modified_gmt":"2025-07-03T04:13:39","slug":"qualifica-sp-novo-emprego-oferece-cursos-profissionalizantes-gratuitos-em-mongagua","status":"publish","type":"post","link":"https:\/\/mussicom.com\/noticias\/qualifica-sp-novo-emprego-oferece-cursos-profissionalizantes-gratuitos-em-mongagua\/","title":{"rendered":"Qualifica SP &#8211; Novo Emprego oferece cursos profissionalizantes gratuitos em Mongagu\u00e1"},"content":{"rendered":"<p> <br \/>\n<\/p>\n<div id=\"texto\">\n<p>O Governo do Estado de S\u00e3o Paulo, por meio da Secretaria de Desenvolvimento Econ\u00f4mico (SDE), est\u00e1 com vagas abertas para cursos gratuitos de qualifica\u00e7\u00e3o profissional do Qualifica SP &#8211; Novo Emprego, programa destinado a pessoas que buscam introdu\u00e7\u00e3o ou recoloca\u00e7\u00e3o de pessoas no mercado de trabalho. S\u00e3o 30 vagas para o curso presencial &#8220;Operador de Empilhadeira&#8221; na cidade de Mongagu\u00e1, na regi\u00e3o de Santos.\u00a0<\/p>\n<p>\u00a0<\/p>\n<p>A escolha do curso foi realizada ap\u00f3s an\u00e1lise das demandas de mercado da regi\u00e3o, juntamente aos munic\u00edpios. O objetivo \u00e9 fazer a conex\u00e3o entre aprendizado e empregabilidade, oferecendo treinamento em segmentos em que h\u00e1 vagas em aberto.<\/p>\n<p>\u00a0<\/p>\n<p>As inscri\u00e7\u00f5es devem ser realizadas pelo site\u00a0www.qualificasp.sp.gov.br\u00a0at\u00e9 13 de julho. Podem se inscrever candidatos que tenham idade m\u00ednima de 16 anos, alfabetizados e domiciliados no estado de S\u00e3o Paulo. Caso o n\u00famero de inscritos seja superior ao n\u00famero de vagas, ser\u00e3o priorizadas as pessoas desempregadas, com baixa renda e com defici\u00eancia.<\/p>\n<p>\u00a0<\/p>\n<p>A convoca\u00e7\u00e3o ser\u00e1 feita por e-mail, e os selecionados dever\u00e3o comparecer \u00e0 unidade escolhida para confirmar a matr\u00edcula nos dias 15 ou 18 de julho.<\/p>\n<p>\u00a0<\/p>\n<p>As aulas s\u00e3o presenciais no per\u00edodo matutino (8h \u00e0s 12h) e t\u00eam previs\u00e3o de in\u00edcio para o dia 21 de julho. Para receber o certificado, o aluno deve ter ao menos 75% de presen\u00e7a nas aulas do curso.<\/p>\n<p>\u00a0<\/p>\n<p><strong>Servi\u00e7o<\/strong><\/p>\n<p><strong>Inscri\u00e7\u00f5es para cursos do Qualifica SP &#8211; Novo Emprego<\/strong><\/p>\n<p><strong>Prazo:\u00a0<\/strong>at\u00e9<strong>\u00a0<\/strong>13\/07<\/p>\n<p><strong>Site:\u00a0<\/strong>www.qualificasp.sp.gov.br<\/p>\n<p>\u00a0<\/p>\n<p><strong>Operador de Empilhadeira<\/strong><\/p>\n<p><strong>Quantidade de vagas:\u00a0<\/strong>30 vagas<\/p>\n<p><strong>Local:\u00a0<\/strong>Espa\u00e7o Cidad\u00e3o<\/p>\n<p><strong>Endere\u00e7o:\u00a0<\/strong>Av. S\u00e3o Paulo, 1580, 3\u00b0 andar \u2013 Centro, Mongagu\u00e1<\/p>\n<p><strong>Per\u00edodo:\u00a0<\/strong>matutino (8h \u00e0s 12h)<\/p>\n<\/p><\/div>\n<p><script async defer crossorigin=\"anonymous\" src=\"https:\/\/connect.facebook.net\/pt_BR\/sdk.js#xfbml=1&#038;version=v12.0&#038;appId=&#038;autoLogAppEvents=1\" nonce=\"ou0fI1lo\"><\/script><br \/>\n<br \/><br \/>\n<br \/>Fonte: <a href=\"https:\/\/www.bs9.com.br\/litoral\/qualifica-sp-novo-emprego-oferece-cursos-profissionalizantes\/32945\/\">BS9<\/a><\/p>\n","protected":false},"excerpt":{"rendered":"<p>O Governo do Estado de S\u00e3o Paulo, por meio da Secretaria de Desenvolvimento Econ\u00f4mico (SDE), est\u00e1 com vagas abertas para cursos gratuitos de qualifica\u00e7\u00e3o profissional do Qualifica SP &#8211; Novo Emprego, programa destinado a pessoas que buscam introdu\u00e7\u00e3o ou recoloca\u00e7\u00e3o de pessoas no mercado de trabalho. S\u00e3o 30 vagas para o curso presencial &#8220;Operador de [&hellip;]<\/p>\n","protected":false},"author":5,"featured_media":28311,"comment_status":"open","ping_status":"open","sticky":false,"template":"","format":"standard","meta":{"_seopress_robots_primary_cat":"","_seopress_titles_title":"","_seopress_titles_desc":"","_seopress_robots_index":"","footnotes":""},"categories":[52],"tags":[],"class_list":["post-28310","post","type-post","status-publish","format-standard","has-post-thumbnail","hentry","category-santoseregiao"],"_links":{"self":[{"href":"https:\/\/mussicom.com\/noticias\/wp-json\/wp\/v2\/posts\/28310","targetHints":{"allow":["GET"]}}],"collection":[{"href":"https:\/\/mussicom.com\/noticias\/wp-json\/wp\/v2\/posts"}],"about":[{"href":"https:\/\/mussicom.com\/noticias\/wp-json\/wp\/v2\/types\/post"}],"author":[{"embeddable":true,"href":"https:\/\/mussicom.com\/noticias\/wp-json\/wp\/v2\/users\/5"}],"replies":[{"embeddable":true,"href":"https:\/\/mussicom.com\/noticias\/wp-json\/wp\/v2\/comments?post=28310"}],"version-history":[{"count":0,"href":"https:\/\/mussicom.com\/noticias\/wp-json\/wp\/v2\/posts\/28310\/revisions"}],"wp:featuredmedia":[{"embeddable":true,"href":"https:\/\/mussicom.com\/noticias\/wp-json\/wp\/v2\/media\/28311"}],"wp:attachment":[{"href":"https:\/\/mussicom.com\/noticias\/wp-json\/wp\/v2\/media?parent=28310"}],"wp:term":[{"taxonomy":"category","embeddable":true,"href":"https:\/\/mussicom.com\/noticias\/wp-json\/wp\/v2\/categories?post=28310"},{"taxonomy":"post_tag","embeddable":true,"href":"https:\/\/mussicom.com\/noticias\/wp-json\/wp\/v2\/tags?post=28310"}],"curies":[{"name":"wp","href":"https:\/\/api.w.org\/{rel}","templated":true}]}}