{"id":28252,"date":"2025-07-02T09:56:28","date_gmt":"2025-07-02T12:56:28","guid":{"rendered":"https:\/\/mussicom.com\/segunda-edicao-do-cpnu-avanca-nas-acoes-afirmativas-com-inscricoes-a-partir-desta-quarta-feira-2\/"},"modified":"2025-07-02T09:56:28","modified_gmt":"2025-07-02T12:56:28","slug":"segunda-edicao-do-cpnu-avanca-nas-acoes-afirmativas-com-inscricoes-a-partir-desta-quarta-feira-2","status":"publish","type":"post","link":"https:\/\/mussicom.com\/noticias\/segunda-edicao-do-cpnu-avanca-nas-acoes-afirmativas-com-inscricoes-a-partir-desta-quarta-feira-2\/","title":{"rendered":"Segunda edi\u00e7\u00e3o do CPNU avan\u00e7a nas a\u00e7\u00f5es afirmativas, com inscri\u00e7\u00f5es a partir desta quarta-feira (2)"},"content":{"rendered":"<p> <br \/>\n<\/p>\n<p>\n\t\t\t\t\t\t  A ministra da Gest\u00e3o e da Inova\u00e7\u00e3o em Servi\u00e7os P\u00fablicos, Esther Dweck, destacou as vagas para cotas e as a\u00e7\u00f5es afirmativas, durante a coletiva de imprensa<br \/>\n\t\t\t\t\t\t &#8211; \t\t\t\t\t\tDivulga\u00e7\u00e3o\n\t\t\t\t\t<\/p>\n<div id=\"texto\">\n<p>A segunda edi\u00e7\u00e3o do Concurso P\u00fablico Nacional Unificado (CPNU), conhecido como Enem dos Concursos, apresenta avan\u00e7os nas a\u00e7\u00f5es afirmativas. O Governo Federal anunciou em coletiva de imprensa nesta segunda-feira, 30 de junho, que ser\u00e1 aplicada a equipara\u00e7\u00e3o do percentual de mulheres que passam para a segunda fase do certame, quando ele for menor que 50%.<br \/>&#13;<br \/>\n\u00a0<\/p>\n<p>Devido \u00e0 nova Lei de Cotas, a segunda edi\u00e7\u00e3o do CPNU ter\u00e1 reserva de 30% do total de vagas, sendo: 25% para pessoas pretas ou pardas, 3% para ind\u00edgenas e 2% para quilombolas. Tamb\u00e9m ser\u00e1 aplicada a reserva de 5% das vagas para pessoas com defici\u00eancia, regulamentada em normativo pr\u00f3prio.<br \/>&#13;<br \/>\n\u00a0<\/p>\n<p>&#8220;No resultado do CPNU 1, houve um percentual de mulheres aprovadas menor do que o percentual de mulheres inscritas. Duas coisas importantes s\u00e3o apontadas na literatura. Uma \u00e9 a quest\u00e3o da dupla ou tripla jornada. Lembrando que a m\u00e9dia de idades aprovadas no CPNU 1 foi entre 35 e 45 anos, ou seja, s\u00e3o pessoas que em geral j\u00e1 est\u00e3o no mercado de trabalho, j\u00e1 t\u00eam filhos. E a\u00ed voc\u00ea exigir dessas pessoas, principalmente das mulheres, conseguir se dedicar aos estudos espec\u00edficos para aquela prova, acaba que elas t\u00eam uma desigualdade com os homens&#8221;, destacou a ministra da Gest\u00e3o e da Inova\u00e7\u00e3o em Servi\u00e7os P\u00fablicos, Esther Dweck. Conforme ela pontuou na coletiva, n\u00e3o se trata de uma reserva de vagas para mulheres, como ocorre para pessoas negras, com defici\u00eancia, ind\u00edgenas e quilombolas.<br \/>&#13;<br \/>\n\u00a0<\/p>\n<p>A ministra das Mulheres, M\u00e1rcia Lopes, tamb\u00e9m ressaltou a import\u00e2ncia da medida para ampliar a participa\u00e7\u00e3o feminina no servi\u00e7o p\u00fablico. &#8220;N\u00f3s temos andado o Brasil, temos encontrado com as mulheres e tudo o que elas querem \u00e9 estarem na agenda nacional, na agenda de equidade e propositiva. O Minist\u00e9rio das Mulheres est\u00e1 junto nesse processo. Vamos ajudar a divulgar em todos os nossos f\u00f3runs e espa\u00e7os, para que a informa\u00e7\u00e3o chegue a todas as pessoas que, porventura, tenham interesse nesse processo&#8221;, afirmou M\u00e1rcia Lopes.<\/p>\n<p>Nesse sentido, em um cargo hipot\u00e9tico com 20 vagas, por exemplo, ser\u00e3o chamadas para a prova discursiva 9x o n\u00famero de vagas: 180. Seriam 117 para ampla concorr\u00eancia (65%) e 63 (35% para cotas). Se desses 117 de ampla concorr\u00eancia, 65 forem homens e 52 mulheres, ser\u00e3o chamadas mais 13 mulheres, totalizando 65 homens e 65 mulheres. Conta semelhante ser\u00e1 aplicada em cada cota, cargo e especialidade.<br \/>&#13;<br \/>\n\u00a0<\/p>\n<table align=\"center\" style=\"width:799px\">&#13;<\/p>\n<tbody>&#13;<\/p>\n<tr>&#13;<\/p>\n<td>&#13;<\/p>\n<table align=\"center\" border=\"0\" cellpadding=\"0\" cellspacing=\"0\" style=\"width:800px\">&#13;<\/p>\n<tbody>&#13;<\/p>\n<tr>&#13;<\/p>\n<td width=\"800\">O concurso vai ofertar 3.652 vagas para 32 \u00f3rg\u00e3os federais. As oportunidades s\u00e3o para cargos de n\u00edvel superior e m\u00e9dio<br \/>&#13;<br \/>\n\t\t\t\t\t\t\u00a0<\/td>\n<p>&#13;<br \/>\n\t\t\t\t\t<\/tr>\n<p>&#13;<br \/>\n\t\t\t\t<\/tbody>\n<p>&#13;<br \/>\n\t\t\t<\/table>\n<p>&#13;\n\t\t\t<\/td>\n<p>&#13;<br \/>\n\t\t<\/tr>\n<p>&#13;<br \/>\n\t<\/tbody>\n<p>&#13;<br \/>\n<\/table>\n<p>&#13;<br \/>\n<strong>PRAZOS \u2014<\/strong>\u00a0As inscri\u00e7\u00f5es para a segunda edi\u00e7\u00e3o do CNPU abrem nesta quarta-feira, 2 de julho, e seguir\u00e3o at\u00e9 20 de julho. A previs\u00e3o \u00e9 que o edital do certame seja publicado ainda nesta segunda, em edi\u00e7\u00e3o extra do Di\u00e1rio Oficial da Uni\u00e3o.<br \/>&#13;<br \/>\n\u00a0<\/p>\n<p>A taxa de inscri\u00e7\u00e3o ser\u00e1 de R$ 70 para todos os blocos. Ter\u00e3o isen\u00e7\u00e3o inscritos no Cad\u00danico, doadores de medula \u00f3ssea e formados que tiveram apoio do Fies e Prouni. O prazo para solicitar isen\u00e7\u00e3o vai de quarta-feira (2) at\u00e9 a ter\u00e7a-feira da pr\u00f3xima semana (8).<br \/>&#13;<br \/>\n\u00a0<\/p>\n<p><strong>MAIS DE 3,6 MIL VAGAS \u2014<\/strong>\u00a0O certame ofertar\u00e1 3.652 vagas para 32 \u00f3rg\u00e3os federais. As oportunidades s\u00e3o para cargos de n\u00edvel superior e m\u00e9dio, que ser\u00e3o agrupados em nove blocos tem\u00e1ticos, permitindo que o candidato, com uma \u00fanica inscri\u00e7\u00e3o, concorra a diferentes cargos dentro de sua \u00e1rea de prefer\u00eancia. Do total, 2.480 ser\u00e3o de provimento imediato (1.972 de n\u00edvel superior e 508 de n\u00edvel intermedi\u00e1rio) e 1.172 poder\u00e3o ser convocadas a curto prazo, ap\u00f3s a homologa\u00e7\u00e3o dos resultados.<br \/>&#13;<br \/>\n\u00a0<\/p>\n<p><strong>DOIS DIAS DE PROVAS \u2014<\/strong>\u00a0Outra novidade dessa segunda edi\u00e7\u00e3o \u00e9 a aplica\u00e7\u00e3o de provas (objetiva e discursiva) em dois dias. As provas ser\u00e3o aplicadas em 228 cidades, em todo o Brasil. No primeiro dia, previsto para 5 de outubro, ser\u00e3o aplicadas as provas objetivas, para todos os candidatos e candidatas inscritos. J\u00e1 no segundo, previsto para 7 de dezembro, ser\u00e3o realizadas as provas discursivas. Nessa etapa, realizar\u00e3o as provas apenas os candidatos habilitados na primeira fase e convocados para a segunda fase do concurso.<br \/>&#13;<br \/>\n\u00a0<\/p>\n<p><strong>BANCA<\/strong>\u00a0&#8211; A Funda\u00e7\u00e3o Get\u00falio Vargas (FGV) foi a banca escolhida para aplicar as provas. A prova objetiva ser\u00e1 composta de 90 quest\u00f5es de m\u00faltipla escolha para n\u00edvel superior (30 de conhecimentos gerais e 60 de espec\u00edficos). J\u00e1 a prova para cargos de n\u00edvel intermedi\u00e1rio contar\u00e1 com 68 itens (20 de conhecimentos gerais e 48 de espec\u00edficos). As provas ser\u00e3o aplicadas no turno vespertino em hor\u00e1rios diferentes, sendo: N\u00edvel Superior: 13h \u00e0s 18h (5h) e N\u00edvel Intermedi\u00e1rio: 13h \u00e0s 16h30 (3h30). J\u00e1 a prova discursiva para cargo de n\u00edvel superior ter\u00e1 duas quest\u00f5es discursivas e ser\u00e3o aplicadas das 13h \u00e0s 16h. Enquanto a prova para os cargos de n\u00edvel intermedi\u00e1rio contar\u00e1 com uma reda\u00e7\u00e3o dissertativa-argumentativa e poder\u00e3o ser realizadas das 13h \u00e0s 15h.<br \/>&#13;<br \/>\n\u00a0<\/p>\n<p><strong>PRIMEIRO CPNU \u2014<\/strong>\u00a0Foi o maior concurso p\u00fablico j\u00e1 feito no pa\u00eds. Ofereceu 6.640 vagas em 21 \u00f3rg\u00e3os p\u00fablicos federais e teve mais de 2,11 milh\u00f5es de inscritos confirmados. O certame representa a reposi\u00e7\u00e3o de quadros do Executivo, al\u00e9m de oferecer novas carreiras e oportunidades a quem deseja trabalhar na administra\u00e7\u00e3o p\u00fablica. Incrementa, inclusive, a qualidade dos servi\u00e7os oferecidos pelo Governo Federal. As provas foram aplicadas em 228 locais para facilitar o acesso de candidatos de todo o pa\u00eds, permitindo uma dist\u00e2ncia m\u00e9dia de deslocamento de 100 km da resid\u00eancia. Houve aprova\u00e7\u00f5es em 908 cidades e em todos os estados e no Distrito Federal. Um total de 24,5% dos aprovados s\u00e3o pessoas negras, 2,3% s\u00e3o ind\u00edgenas e 6,8% s\u00e3o pessoas com defici\u00eancia.<\/p>\n<p><em>\u00a0Secretaria de Comunica\u00e7\u00e3o Social da Presid\u00eancia da Rep\u00fablica<\/em><br \/>&#13;<br \/>\n\u00a0<\/p>\n<\/p><\/div>\n<p><script async defer crossorigin=\"anonymous\" src=\"https:\/\/connect.facebook.net\/pt_BR\/sdk.js#xfbml=1&#038;version=v12.0&#038;appId=&#038;autoLogAppEvents=1\" nonce=\"ou0fI1lo\"><\/script><br \/>\n<br \/><br \/>\n<br \/>Fonte: <a href=\"https:\/\/www.bs9.com.br\/brasil\/segunda-edicao-do-cpnu-avanca-nas-acoes-afirmativas-com-inscricoes-a\/32924\/\">BS9<\/a><\/p>\n","protected":false},"excerpt":{"rendered":"<p>A ministra da Gest\u00e3o e da Inova\u00e7\u00e3o em Servi\u00e7os P\u00fablicos, Esther Dweck, destacou as vagas para cotas e as a\u00e7\u00f5es afirmativas, durante a coletiva de imprensa &#8211; Divulga\u00e7\u00e3o A segunda edi\u00e7\u00e3o do Concurso P\u00fablico Nacional Unificado (CPNU), conhecido como Enem dos Concursos, apresenta avan\u00e7os nas a\u00e7\u00f5es afirmativas. O Governo Federal anunciou em coletiva de imprensa [&hellip;]<\/p>\n","protected":false},"author":5,"featured_media":28253,"comment_status":"open","ping_status":"open","sticky":false,"template":"","format":"standard","meta":{"_seopress_robots_primary_cat":"","_seopress_titles_title":"","_seopress_titles_desc":"","_seopress_robots_index":"","footnotes":""},"categories":[52],"tags":[],"class_list":["post-28252","post","type-post","status-publish","format-standard","has-post-thumbnail","hentry","category-santoseregiao"],"_links":{"self":[{"href":"https:\/\/mussicom.com\/noticias\/wp-json\/wp\/v2\/posts\/28252","targetHints":{"allow":["GET"]}}],"collection":[{"href":"https:\/\/mussicom.com\/noticias\/wp-json\/wp\/v2\/posts"}],"about":[{"href":"https:\/\/mussicom.com\/noticias\/wp-json\/wp\/v2\/types\/post"}],"author":[{"embeddable":true,"href":"https:\/\/mussicom.com\/noticias\/wp-json\/wp\/v2\/users\/5"}],"replies":[{"embeddable":true,"href":"https:\/\/mussicom.com\/noticias\/wp-json\/wp\/v2\/comments?post=28252"}],"version-history":[{"count":0,"href":"https:\/\/mussicom.com\/noticias\/wp-json\/wp\/v2\/posts\/28252\/revisions"}],"wp:featuredmedia":[{"embeddable":true,"href":"https:\/\/mussicom.com\/noticias\/wp-json\/wp\/v2\/media\/28253"}],"wp:attachment":[{"href":"https:\/\/mussicom.com\/noticias\/wp-json\/wp\/v2\/media?parent=28252"}],"wp:term":[{"taxonomy":"category","embeddable":true,"href":"https:\/\/mussicom.com\/noticias\/wp-json\/wp\/v2\/categories?post=28252"},{"taxonomy":"post_tag","embeddable":true,"href":"https:\/\/mussicom.com\/noticias\/wp-json\/wp\/v2\/tags?post=28252"}],"curies":[{"name":"wp","href":"https:\/\/api.w.org\/{rel}","templated":true}]}}