{"id":28246,"date":"2025-07-02T07:13:56","date_gmt":"2025-07-02T10:13:56","guid":{"rendered":"https:\/\/mussicom.com\/enem-2025-termina-prazo-para-recorrer-de-atendimento-especial-negado\/"},"modified":"2025-07-02T07:13:56","modified_gmt":"2025-07-02T10:13:56","slug":"enem-2025-termina-prazo-para-recorrer-de-atendimento-especial-negado","status":"publish","type":"post","link":"https:\/\/mussicom.com\/noticias\/enem-2025-termina-prazo-para-recorrer-de-atendimento-especial-negado\/","title":{"rendered":"Enem 2025: termina prazo para recorrer de atendimento especial negado"},"content":{"rendered":"<p> <br \/>\n<\/p>\n<div>\n<p>Termina nesta quarta-feira (2) o prazo para os inscritos no Exame Nacional do Ensino M\u00e9dio (Enem)\u00a02025 recorrerem da negativa \u00e0s solicita\u00e7\u00f5es\u00a0de\u00a0atendimento especializado. O per\u00edodo \u2013 que se encerraria na sexta-feira (27) \u2013 foi ampliado pelo Minist\u00e9rio da Educa\u00e7\u00e3o (MEC).<img decoding=\"async\" src=\"https:\/\/agenciabrasil.ebc.com.br\/ebc.gif?id=1649149&amp;o=node\" style=\"width:1px; height:1px; display:inline;\"\/><\/p>\n<p><strong>A interposi\u00e7\u00e3o do recurso deve ser feita exclusivamente pela P\u00e1gina do Participante.<\/strong><\/p>\n<p>Para solicitar\u00a0nova an\u00e1lise pelo Instituto Nacional de Estudos e Pesquisas Educacionais An\u00edsio Teixeira (Inep) do pedido de atendimento especializado, \u00e9 necess\u00e1rio enviar a documenta\u00e7\u00e3o que justifique o pedido e o uso de recurso de acessibilidade.<\/p>\n<p><strong>Os documentos solicitados devem estar no formato PDF, PNG ou JPG, com arquivo de tamanho m\u00e1ximo de 2MB. O documento deve ser leg\u00edvel e estar em l\u00edngua portuguesa.<\/strong><\/p>\n<p>Para ser considerado v\u00e1lido para an\u00e1lise, os laudos precisam conter nome completo do participante; diagn\u00f3stico com a descri\u00e7\u00e3o da condi\u00e7\u00e3o que motivou a solicita\u00e7\u00e3o e\/ou o c\u00f3digo correspondente \u00e0 Classifica\u00e7\u00e3o Internacional de Doen\u00e7a (CID 10); al\u00e9m de assinatura e identifica\u00e7\u00e3o do profissional, com respectivo registro no Conselho Regional de Medicina (CRM), no Minist\u00e9rio da Sa\u00fade (RMS) ou em \u00f3rg\u00e3o competente.<\/p>\n<h2>Recursos de acessibilidade<\/h2>\n<p><strong>Entre as condi\u00e7\u00f5es para requerer o atendimento especializado est\u00e3o a de pessoas com defici\u00eancia (PCD), pessoa idosa, gestantes, lactantes, com transtorno funcional espec\u00edfico (transtorno do espectro autista, dislexia e d\u00e9ficit de aten\u00e7\u00e3o), entre outras.<\/strong><\/p>\n<p>Se nesta segunda an\u00e1lise o participante tiver o recurso aprovado pelo Inep para atendimento especializado, poder\u00e1 contar, por exemplo, com provas em braile; dispor de sala individual; mobili\u00e1rio com dimens\u00f5es adequadas para o manuseio da prova; tempo adicional; leitor de tela; prova com letra ampliada; ou guia-int\u00e9rprete, conforme a solicita\u00e7\u00e3o.<\/p>\n<p>Durante as provas, tamb\u00e9m ser\u00e1 permitido usar material pr\u00f3prio, o que inclui m\u00e1quina de escrever em braile; \u00f3culos especiais; bolsa de colostomia, medidor de glicose e bomba de insulina e outros. Todos os recursos autorizados podem ser conferidos no edital do Enem.<\/p>\n<p>De acordo com o edital\u00a0do Enem 2025, no dia das provas, os materiais ser\u00e3o vistoriados pelo chefe de sala de aplica\u00e7\u00e3o do Enem para garantir a lisura e a seguran\u00e7a do exame.<\/p>\n<h2>Provas<\/h2>\n<p><strong>O Inep aplicar\u00e1 as provas do Enem em 9 e 16 de novembro, em todas as 27 unidades da Federa\u00e7\u00e3o.<\/strong><\/p>\n<p>Excepcionalmente, nas cidades de Bel\u00e9m, Ananindeua e Marituba, no Par\u00e1, o exame ser\u00e1 aplicado, em 30 de novembro e 7 de dezembro, devido \u00e0 realiza\u00e7\u00e3o da 30\u00aa Confer\u00eancia das Na\u00e7\u00f5es Unidas sobre Mudan\u00e7as Clim\u00e1ticas (COP30)\u00a0em per\u00edodo pr\u00f3ximo.<\/p>\n<h2>Enem<\/h2>\n<p>O Enem avalia o desempenho escolar dos estudantes ao t\u00e9rmino da educa\u00e7\u00e3o b\u00e1sica e \u00e9 considerado a principal porta de entrada para a educa\u00e7\u00e3o superior no Brasil, por meio do Sistema de Sele\u00e7\u00e3o Unificada (Sisu), do Programa Universidade para Todos (Prouni) e do Fundo de Financiamento Estudantil (Fies).<\/p>\n<p>A nota individual do Enem pode\u00a0ainda\u00a0ser aproveitada nos processos seletivos de institui\u00e7\u00f5es de ensino de Portugal que t\u00eam conv\u00eanio com o Inep.<\/p>\n<p><strong>Al\u00e9m disso, o Enem voltou a ser uma op\u00e7\u00e3o aos candidatos com mais de 18 anos que querem obter o\u00a0certificado de conclus\u00e3o do ensino m\u00e9dio ou a declara\u00e7\u00e3o parcial de profici\u00eancia.<\/strong><\/p>\n<p>      <!-- Relacionada --><\/p>\n<p>            <!-- Relacionada -->\n    <\/div>\n<p><br \/>\n<br \/>Fonte: <a href=\"https:\/\/agenciabrasil.ebc.com.br\/educacao\/noticia\/2025-07\/enem-2025-termina-prazo-para-recorrer-de-atendimento-especial-negado\">Ag\u00eancia Brasil<\/a><\/p>\n","protected":false},"excerpt":{"rendered":"<p>Termina nesta quarta-feira (2) o prazo para os inscritos no Exame Nacional do Ensino M\u00e9dio (Enem)\u00a02025 recorrerem da negativa \u00e0s solicita\u00e7\u00f5es\u00a0de\u00a0atendimento especializado. O per\u00edodo \u2013 que se encerraria na sexta-feira (27) \u2013 foi ampliado pelo Minist\u00e9rio da Educa\u00e7\u00e3o (MEC). A interposi\u00e7\u00e3o do recurso deve ser feita exclusivamente pela P\u00e1gina do Participante. Para solicitar\u00a0nova an\u00e1lise pelo [&hellip;]<\/p>\n","protected":false},"author":5,"featured_media":27344,"comment_status":"open","ping_status":"open","sticky":false,"template":"","format":"standard","meta":{"_seopress_robots_primary_cat":"","_seopress_titles_title":"","_seopress_titles_desc":"","_seopress_robots_index":"","footnotes":""},"categories":[44],"tags":[],"class_list":["post-28246","post","type-post","status-publish","format-standard","has-post-thumbnail","hentry","category-educacao"],"_links":{"self":[{"href":"https:\/\/mussicom.com\/noticias\/wp-json\/wp\/v2\/posts\/28246","targetHints":{"allow":["GET"]}}],"collection":[{"href":"https:\/\/mussicom.com\/noticias\/wp-json\/wp\/v2\/posts"}],"about":[{"href":"https:\/\/mussicom.com\/noticias\/wp-json\/wp\/v2\/types\/post"}],"author":[{"embeddable":true,"href":"https:\/\/mussicom.com\/noticias\/wp-json\/wp\/v2\/users\/5"}],"replies":[{"embeddable":true,"href":"https:\/\/mussicom.com\/noticias\/wp-json\/wp\/v2\/comments?post=28246"}],"version-history":[{"count":0,"href":"https:\/\/mussicom.com\/noticias\/wp-json\/wp\/v2\/posts\/28246\/revisions"}],"wp:featuredmedia":[{"embeddable":true,"href":"https:\/\/mussicom.com\/noticias\/wp-json\/wp\/v2\/media\/27344"}],"wp:attachment":[{"href":"https:\/\/mussicom.com\/noticias\/wp-json\/wp\/v2\/media?parent=28246"}],"wp:term":[{"taxonomy":"category","embeddable":true,"href":"https:\/\/mussicom.com\/noticias\/wp-json\/wp\/v2\/categories?post=28246"},{"taxonomy":"post_tag","embeddable":true,"href":"https:\/\/mussicom.com\/noticias\/wp-json\/wp\/v2\/tags?post=28246"}],"curies":[{"name":"wp","href":"https:\/\/api.w.org\/{rel}","templated":true}]}}