{"id":28180,"date":"2025-07-01T15:35:30","date_gmt":"2025-07-01T18:35:30","guid":{"rendered":"https:\/\/mussicom.com\/violonista-de-bertioga-participa-de-tradicional-concurso-no-conservatorio-villa-lobos\/"},"modified":"2025-07-01T15:35:30","modified_gmt":"2025-07-01T18:35:30","slug":"violonista-de-bertioga-participa-de-tradicional-concurso-no-conservatorio-villa-lobos","status":"publish","type":"post","link":"https:\/\/mussicom.com\/noticias\/violonista-de-bertioga-participa-de-tradicional-concurso-no-conservatorio-villa-lobos\/","title":{"rendered":"Violonista de Bertioga participa de tradicional concurso no Conservat\u00f3rio Villa-Lobos"},"content":{"rendered":"<p> <br \/>\n<\/p>\n<div id=\"texto\">\n<p>O violonista Allan Pereira, talento revelado pelo curso de viol\u00e3o do projeto cultural da Prefeitura de Bertioga, ser\u00e1 um dos participantes do XIX Concurso de Viol\u00e3o do Conservat\u00f3rio Villa-Lobos da FITO, que acontece no pr\u00f3ximo dia 5 de julho de 2025, a partir das 10h, na sala Edna Baldassi.<\/p>\n<p>Atualmente professor nos polos da Prefeitura \u2014 Casa da Cultura e Centro Cultural Ch\u00e1caras \u2014 Allan leva na bagagem n\u00e3o apenas sua forma\u00e7\u00e3o dentro do pr\u00f3prio projeto municipal, mas tamb\u00e9m o compromisso de inspirar novos m\u00fasicos por meio do ensino e da dedica\u00e7\u00e3o \u00e0 arte.<br \/>&#13;<br \/>\n\u00a0<\/p>\n<p>O concurso, reconhecido por valorizar jovens talentos e promover o interc\u00e2mbio musical, tem como objetivo estimular o aprimoramento t\u00e9cnico e art\u00edstico do viol\u00e3o, al\u00e9m de incentivar a pr\u00e1tica de apresenta\u00e7\u00f5es em p\u00fablico. A participa\u00e7\u00e3o de Allan representa n\u00e3o apenas o crescimento individual do m\u00fasico, mas tamb\u00e9m o impacto positivo das pol\u00edticas culturais de Bertioga no desenvolvimento de artistas locais.<br \/>&#13;<br \/>\n\u00a0<\/p>\n<p>&#8220;A presen\u00e7a de Allan nesse importante concurso refor\u00e7a o potencial transformador da cultura e da educa\u00e7\u00e3o musical promovida pelo munic\u00edpio. \u00c9 um orgulho ver nossos alunos brilhando e representando nossa cidade&#8221;, destaca a equipe da Diretoria de Cultura de Bertioga.<br \/>&#13;<br \/>\n\u00a0<\/p>\n<p>O Concurso de Viol\u00e3o da FITO \u00e9 um dos mais respeitados da cena did\u00e1tico-musical e recebe participantes de diversas regi\u00f5es do estado, sendo uma vitrine importante para a nova gera\u00e7\u00e3o de violonistas brasileiros.<\/p>\n<\/p><\/div>\n<p><script async defer crossorigin=\"anonymous\" src=\"https:\/\/connect.facebook.net\/pt_BR\/sdk.js#xfbml=1&#038;version=v12.0&#038;appId=&#038;autoLogAppEvents=1\" nonce=\"ou0fI1lo\"><\/script><br \/>\n<br \/><br \/>\n<br \/>Fonte: <a href=\"https:\/\/www.bs9.com.br\/variedades\/violonista-de-bertioga-participa-de-tradicional-concurso-no\/32902\/\">BS9<\/a><\/p>\n","protected":false},"excerpt":{"rendered":"<p>O violonista Allan Pereira, talento revelado pelo curso de viol\u00e3o do projeto cultural da Prefeitura de Bertioga, ser\u00e1 um dos participantes do XIX Concurso de Viol\u00e3o do Conservat\u00f3rio Villa-Lobos da FITO, que acontece no pr\u00f3ximo dia 5 de julho de 2025, a partir das 10h, na sala Edna Baldassi. Atualmente professor nos polos da Prefeitura [&hellip;]<\/p>\n","protected":false},"author":5,"featured_media":28181,"comment_status":"open","ping_status":"open","sticky":false,"template":"","format":"standard","meta":{"_seopress_robots_primary_cat":"","_seopress_titles_title":"","_seopress_titles_desc":"","_seopress_robots_index":"","footnotes":""},"categories":[52],"tags":[],"class_list":["post-28180","post","type-post","status-publish","format-standard","has-post-thumbnail","hentry","category-santoseregiao"],"_links":{"self":[{"href":"https:\/\/mussicom.com\/noticias\/wp-json\/wp\/v2\/posts\/28180","targetHints":{"allow":["GET"]}}],"collection":[{"href":"https:\/\/mussicom.com\/noticias\/wp-json\/wp\/v2\/posts"}],"about":[{"href":"https:\/\/mussicom.com\/noticias\/wp-json\/wp\/v2\/types\/post"}],"author":[{"embeddable":true,"href":"https:\/\/mussicom.com\/noticias\/wp-json\/wp\/v2\/users\/5"}],"replies":[{"embeddable":true,"href":"https:\/\/mussicom.com\/noticias\/wp-json\/wp\/v2\/comments?post=28180"}],"version-history":[{"count":0,"href":"https:\/\/mussicom.com\/noticias\/wp-json\/wp\/v2\/posts\/28180\/revisions"}],"wp:featuredmedia":[{"embeddable":true,"href":"https:\/\/mussicom.com\/noticias\/wp-json\/wp\/v2\/media\/28181"}],"wp:attachment":[{"href":"https:\/\/mussicom.com\/noticias\/wp-json\/wp\/v2\/media?parent=28180"}],"wp:term":[{"taxonomy":"category","embeddable":true,"href":"https:\/\/mussicom.com\/noticias\/wp-json\/wp\/v2\/categories?post=28180"},{"taxonomy":"post_tag","embeddable":true,"href":"https:\/\/mussicom.com\/noticias\/wp-json\/wp\/v2\/tags?post=28180"}],"curies":[{"name":"wp","href":"https:\/\/api.w.org\/{rel}","templated":true}]}}