{"id":28071,"date":"2025-06-30T13:05:19","date_gmt":"2025-06-30T16:05:19","guid":{"rendered":"https:\/\/mussicom.com\/eja-em-cubatao-abre-inscricoes-para-o-segundo-semestre-de-2025\/"},"modified":"2025-06-30T13:05:19","modified_gmt":"2025-06-30T16:05:19","slug":"eja-em-cubatao-abre-inscricoes-para-o-segundo-semestre-de-2025","status":"publish","type":"post","link":"https:\/\/mussicom.com\/noticias\/eja-em-cubatao-abre-inscricoes-para-o-segundo-semestre-de-2025\/","title":{"rendered":"EJA em Cubat\u00e3o abre inscri\u00e7\u00f5es para o segundo semestre de 2025"},"content":{"rendered":"<p> <br \/>\n<\/p>\n<div id=\"texto\">\n<p>A Secretaria de Educa\u00e7\u00e3o de Cubat\u00e3o (Seduc) informa que as matr\u00edculas e rematr\u00edculas para a Educa\u00e7\u00e3o de Jovens e Adultos (EJA) estar\u00e3o abertas no dia 1\u00ba de julho e seguir\u00e3o at\u00e9 o dia 15 de agosto.<\/p>\n<p>\u00a0<\/p>\n<p>Os candidatos interessados t\u00eam de ter a idade m\u00ednima de 15 anos e podem se apresentar em uma das unidades citadas abaixo com os seguintes documentos: identidade (RG), certid\u00e3o de nascimento ou casamento, comprovante de resid\u00eancia e escolaridade, declara\u00e7\u00e3o de trabalho (se estiver empregado) e uma foto 3\u00d74.<\/p>\n<p>\u00a0<\/p>\n<p>As inscri\u00e7\u00f5es podem ser realizadas nas seguintes unidades escolares:<\/p>\n<p>UME Bernardo Jos\u00e9 Maria de Lorena<br \/>&#13;<br \/>\n<strong>Endere\u00e7o:<\/strong>\u00a0Av. Nossa Senhora Da Lapa, 758- Vila Nova<br \/>&#13;<br \/>\n<strong>Telefone:<\/strong>\u00a0(13) 3372-3931<\/p>\n<p>UME Dom Pedro I<br \/>&#13;<br \/>\n<strong>Endere\u00e7o:<\/strong>\u00a0Rua S\u00e3o Francisco de Assis, s\/n- Vila Natal<br \/>&#13;<br \/>\n<strong>Telefone:<\/strong>\u00a0(13) 3361-4418\/\u00a03361-7522<\/p>\n<p>UME Padre Manoel da N\u00f3brega<br \/>&#13;<br \/>\n<strong>Endere\u00e7o:<\/strong>\u00a0AV. Beira Mar, 1392- Jardim Casqueiro<br \/>&#13;<br \/>\n<strong>Telefone:<\/strong>\u00a0(13) 3364-1136<\/p>\n<p>UME Padre Jos\u00e9 de Anchieta<br \/>&#13;<br \/>\n<strong>Endere\u00e7o:<\/strong>\u00a0Rua Salgado Filho, 130- Jardim S\u00e3o Francisco<br \/>&#13;<br \/>\n<strong>Telefone:<\/strong>\u00a0(13) 3361-1058<\/p>\n<p>UME Rui Barbosa<br \/>&#13;<br \/>\n<strong>Endere\u00e7o<\/strong>: Rua Vereador Luiz Pieruzzi Neto, 50- Ilha Caraguat\u00e1<br \/>&#13;<br \/>\n<strong>Telefone:<\/strong>\u00a0(13) 3364-1937\/\u00a03363-2640\u00a0<\/p>\n<\/p><\/div>\n<p><script async defer crossorigin=\"anonymous\" src=\"https:\/\/connect.facebook.net\/pt_BR\/sdk.js#xfbml=1&#038;version=v12.0&#038;appId=&#038;autoLogAppEvents=1\" nonce=\"ou0fI1lo\"><\/script><br \/>\n<br \/><br \/>\n<br \/>Fonte: <a href=\"https:\/\/www.bs9.com.br\/litoral\/eja-em-cubatao-abre-inscricoes-para-o-segundo-semestre-de-2025\/32876\/\">BS9<\/a><\/p>\n","protected":false},"excerpt":{"rendered":"<p>A Secretaria de Educa\u00e7\u00e3o de Cubat\u00e3o (Seduc) informa que as matr\u00edculas e rematr\u00edculas para a Educa\u00e7\u00e3o de Jovens e Adultos (EJA) estar\u00e3o abertas no dia 1\u00ba de julho e seguir\u00e3o at\u00e9 o dia 15 de agosto. \u00a0 Os candidatos interessados t\u00eam de ter a idade m\u00ednima de 15 anos e podem se apresentar em uma [&hellip;]<\/p>\n","protected":false},"author":5,"featured_media":28072,"comment_status":"open","ping_status":"open","sticky":false,"template":"","format":"standard","meta":{"_seopress_robots_primary_cat":"","_seopress_titles_title":"","_seopress_titles_desc":"","_seopress_robots_index":"","footnotes":""},"categories":[52],"tags":[],"class_list":["post-28071","post","type-post","status-publish","format-standard","has-post-thumbnail","hentry","category-santoseregiao"],"_links":{"self":[{"href":"https:\/\/mussicom.com\/noticias\/wp-json\/wp\/v2\/posts\/28071","targetHints":{"allow":["GET"]}}],"collection":[{"href":"https:\/\/mussicom.com\/noticias\/wp-json\/wp\/v2\/posts"}],"about":[{"href":"https:\/\/mussicom.com\/noticias\/wp-json\/wp\/v2\/types\/post"}],"author":[{"embeddable":true,"href":"https:\/\/mussicom.com\/noticias\/wp-json\/wp\/v2\/users\/5"}],"replies":[{"embeddable":true,"href":"https:\/\/mussicom.com\/noticias\/wp-json\/wp\/v2\/comments?post=28071"}],"version-history":[{"count":0,"href":"https:\/\/mussicom.com\/noticias\/wp-json\/wp\/v2\/posts\/28071\/revisions"}],"wp:featuredmedia":[{"embeddable":true,"href":"https:\/\/mussicom.com\/noticias\/wp-json\/wp\/v2\/media\/28072"}],"wp:attachment":[{"href":"https:\/\/mussicom.com\/noticias\/wp-json\/wp\/v2\/media?parent=28071"}],"wp:term":[{"taxonomy":"category","embeddable":true,"href":"https:\/\/mussicom.com\/noticias\/wp-json\/wp\/v2\/categories?post=28071"},{"taxonomy":"post_tag","embeddable":true,"href":"https:\/\/mussicom.com\/noticias\/wp-json\/wp\/v2\/tags?post=28071"}],"curies":[{"name":"wp","href":"https:\/\/api.w.org\/{rel}","templated":true}]}}