{"id":28046,"date":"2025-06-30T00:04:20","date_gmt":"2025-06-30T03:04:20","guid":{"rendered":"https:\/\/mussicom.com\/bortoleto-quebra-longo-jejum-brasileiro-na-f1-e-pontua-na-austria\/"},"modified":"2025-06-30T00:04:20","modified_gmt":"2025-06-30T03:04:20","slug":"bortoleto-quebra-longo-jejum-brasileiro-na-f1-e-pontua-na-austria","status":"publish","type":"post","link":"https:\/\/mussicom.com\/noticias\/bortoleto-quebra-longo-jejum-brasileiro-na-f1-e-pontua-na-austria\/","title":{"rendered":"Bortoleto quebra longo jejum brasileiro na F1 e pontua na \u00c1ustria"},"content":{"rendered":"<p> <br \/>\n<\/p>\n<div>\n<p>No topo da classifica\u00e7\u00e3o, o destaque do GP da \u00c1ustria, disputado neste domingo (29) em Spielberg, foi a vit\u00f3ria do brit\u00e2nico Lando Norris, da McLaren. No entanto, ao se olhar para os pr\u00f3ximos nomes na classifica\u00e7\u00e3o final da prova, <strong>o brasileiro Gabriel Bortoleto, da Sauber, chamou a aten\u00e7\u00e3o ao pontuar pela primeira vez em sua ainda breve carreira na F\u00f3rmula 1<\/strong>.<img decoding=\"async\" src=\"https:\/\/agenciabrasil.ebc.com.br\/ebc.gif?id=1648821&amp;o=node\" style=\"width:1px; height:1px; display:inline;\"\/><\/p>\n<p>O piloto paulista, de 20 anos, que largou na oitava coloca\u00e7\u00e3o, teve um bom desempenho e sustentou a posi\u00e7\u00e3o ao final das 71 voltas. Com isso, somou seus primeiros quatro pontos ap\u00f3s 11 corridas. Ele aparece na 19\u00aa coloca\u00e7\u00e3o no mundial de pilotos. <strong>O Brasil n\u00e3o pontuava em uma prova da categoria desde 2017, no GP de Abu Dhabi, com Felipe Massa.<\/strong><\/p>\n<blockquote>\n<p>&#8220;Eu sempre soube que era capaz disso. N\u00e3o estou na F\u00f3rmula 1 por acaso. Estou aqui porque um dia quero vencer. N\u00e3o vou ficar feliz apenas por somar alguns pontos, sabe? Mas claro que \u00e9 uma conquista&#8221;, disse o brasileiro em declara\u00e7\u00e3o ao site oficial da F1.<\/p>\n<\/blockquote>\n<p>Durante a prova, a estrat\u00e9gia de <em>pit stops<\/em> de Bortoleto foi segura e permitiu a ele manter a posi\u00e7\u00e3o sem maiores sustos e at\u00e9 desafiar o veterano Fernando Alonso, da Aston Martin, que conseguiu segurar a s\u00e9tima posi\u00e7\u00e3o e suportar a press\u00e3o do brasileiro.<\/p>\n<p>Norris, da McLaren, largou na <em>pole position<\/em> e, assim como Bortoleto, manteve a posi\u00e7\u00e3o na bandeirada final. O companheiro de escuderia, Oscar Piastri, que largou no terceiro lugar, trocou de posi\u00e7\u00f5es com o cidad\u00e3o\u00a0de M\u00f4naco\u00a0Charles Leclerc, da Ferrari, conquistando o segundo lugar e deixando o advers\u00e1rio em terceiro. Na tabela de classifica\u00e7\u00e3o do campeonato, Piastri \u00e9 o l\u00edder, com 216 pontos, 15 a mais do que Norris.<\/p>\n<p>A pr\u00f3xima parada do circuito j\u00e1 \u00e9 no pr\u00f3ximo fim de semana (4 a 6 de julho), no GP da Gr\u00e3 Bretanha, disputado em Silverstone.<\/p>\n<p>\u00a0<\/p>\n<p>      <!-- Relacionada --><\/p>\n<p>            <!-- Relacionada -->\n    <\/div>\n<p><br \/>\n<br \/>Fonte: <a href=\"https:\/\/agenciabrasil.ebc.com.br\/esportes\/noticia\/2025-06\/bortoleto-quebra-longo-jejum-brasileiro-na-f1-e-pontua-na-austria\">Ag\u00eancia Brasil<\/a><\/p>\n","protected":false},"excerpt":{"rendered":"<p>No topo da classifica\u00e7\u00e3o, o destaque do GP da \u00c1ustria, disputado neste domingo (29) em Spielberg, foi a vit\u00f3ria do brit\u00e2nico Lando Norris, da McLaren. No entanto, ao se olhar para os pr\u00f3ximos nomes na classifica\u00e7\u00e3o final da prova, o brasileiro Gabriel Bortoleto, da Sauber, chamou a aten\u00e7\u00e3o ao pontuar pela primeira vez em sua [&hellip;]<\/p>\n","protected":false},"author":5,"featured_media":28047,"comment_status":"open","ping_status":"open","sticky":false,"template":"","format":"standard","meta":{"_seopress_robots_primary_cat":"","_seopress_titles_title":"","_seopress_titles_desc":"","_seopress_robots_index":"","footnotes":""},"categories":[40],"tags":[],"class_list":["post-28046","post","type-post","status-publish","format-standard","has-post-thumbnail","hentry","category-esportes"],"_links":{"self":[{"href":"https:\/\/mussicom.com\/noticias\/wp-json\/wp\/v2\/posts\/28046","targetHints":{"allow":["GET"]}}],"collection":[{"href":"https:\/\/mussicom.com\/noticias\/wp-json\/wp\/v2\/posts"}],"about":[{"href":"https:\/\/mussicom.com\/noticias\/wp-json\/wp\/v2\/types\/post"}],"author":[{"embeddable":true,"href":"https:\/\/mussicom.com\/noticias\/wp-json\/wp\/v2\/users\/5"}],"replies":[{"embeddable":true,"href":"https:\/\/mussicom.com\/noticias\/wp-json\/wp\/v2\/comments?post=28046"}],"version-history":[{"count":0,"href":"https:\/\/mussicom.com\/noticias\/wp-json\/wp\/v2\/posts\/28046\/revisions"}],"wp:featuredmedia":[{"embeddable":true,"href":"https:\/\/mussicom.com\/noticias\/wp-json\/wp\/v2\/media\/28047"}],"wp:attachment":[{"href":"https:\/\/mussicom.com\/noticias\/wp-json\/wp\/v2\/media?parent=28046"}],"wp:term":[{"taxonomy":"category","embeddable":true,"href":"https:\/\/mussicom.com\/noticias\/wp-json\/wp\/v2\/categories?post=28046"},{"taxonomy":"post_tag","embeddable":true,"href":"https:\/\/mussicom.com\/noticias\/wp-json\/wp\/v2\/tags?post=28046"}],"curies":[{"name":"wp","href":"https:\/\/api.w.org\/{rel}","templated":true}]}}