{"id":28044,"date":"2025-06-29T23:24:22","date_gmt":"2025-06-30T02:24:22","guid":{"rendered":"https:\/\/mussicom.com\/parada-do-orgulho-lgbt-celebra-envelhecimento-e-resistencia\/"},"modified":"2025-06-29T23:24:22","modified_gmt":"2025-06-30T02:24:22","slug":"parada-do-orgulho-lgbt-celebra-envelhecimento-e-resistencia","status":"publish","type":"post","link":"https:\/\/mussicom.com\/noticias\/parada-do-orgulho-lgbt-celebra-envelhecimento-e-resistencia\/","title":{"rendered":"Parada do Orgulho LGBT+ celebra envelhecimento e resist\u00eancia"},"content":{"rendered":"<p> <br \/>\n<\/p>\n<div><\/p>\n<div>Leques, cores e m\u00fasica tomaram as ruas do Centro Hist\u00f3rico de Santos neste domingo (29) durante a 8\u00aa Parada do Orgulho LGBT+. Entre celebra\u00e7\u00e3o e manifesta\u00e7\u00e3o, o evento reuniu de 5 mil a 6 mil pessoas, que sa\u00edram em cortejo da Pra\u00e7a Jos\u00e9 Bonif\u00e1cio em dire\u00e7\u00e3o \u00e0 Pra\u00e7a Mau\u00e1, passando pelas ruas Braz Cubas e [\u2026]<\/div>\n<\/div>\n<p><br \/>\n<br \/>Fonte: <a href=\"https:\/\/jornaldaorla.com.br\/noticias\/parada-do-orgulho-lgbt-celebra-envelhecimento-e-resistencia\/\">Jornal Da Orla<\/a><\/p>\n","protected":false},"excerpt":{"rendered":"<p>Leques, cores e m\u00fasica tomaram as ruas do Centro Hist\u00f3rico de Santos neste domingo (29) durante a 8\u00aa Parada do Orgulho LGBT+. Entre celebra\u00e7\u00e3o e manifesta\u00e7\u00e3o, o evento reuniu de 5 mil a 6 mil pessoas, que sa\u00edram em cortejo da Pra\u00e7a Jos\u00e9 Bonif\u00e1cio em dire\u00e7\u00e3o \u00e0 Pra\u00e7a Mau\u00e1, passando pelas ruas Braz Cubas e [&hellip;]<\/p>\n","protected":false},"author":5,"featured_media":28045,"comment_status":"open","ping_status":"open","sticky":false,"template":"","format":"standard","meta":{"_seopress_robots_primary_cat":"","_seopress_titles_title":"","_seopress_titles_desc":"","_seopress_robots_index":"","footnotes":""},"categories":[52],"tags":[],"class_list":["post-28044","post","type-post","status-publish","format-standard","has-post-thumbnail","hentry","category-santoseregiao"],"_links":{"self":[{"href":"https:\/\/mussicom.com\/noticias\/wp-json\/wp\/v2\/posts\/28044","targetHints":{"allow":["GET"]}}],"collection":[{"href":"https:\/\/mussicom.com\/noticias\/wp-json\/wp\/v2\/posts"}],"about":[{"href":"https:\/\/mussicom.com\/noticias\/wp-json\/wp\/v2\/types\/post"}],"author":[{"embeddable":true,"href":"https:\/\/mussicom.com\/noticias\/wp-json\/wp\/v2\/users\/5"}],"replies":[{"embeddable":true,"href":"https:\/\/mussicom.com\/noticias\/wp-json\/wp\/v2\/comments?post=28044"}],"version-history":[{"count":0,"href":"https:\/\/mussicom.com\/noticias\/wp-json\/wp\/v2\/posts\/28044\/revisions"}],"wp:featuredmedia":[{"embeddable":true,"href":"https:\/\/mussicom.com\/noticias\/wp-json\/wp\/v2\/media\/28045"}],"wp:attachment":[{"href":"https:\/\/mussicom.com\/noticias\/wp-json\/wp\/v2\/media?parent=28044"}],"wp:term":[{"taxonomy":"category","embeddable":true,"href":"https:\/\/mussicom.com\/noticias\/wp-json\/wp\/v2\/categories?post=28044"},{"taxonomy":"post_tag","embeddable":true,"href":"https:\/\/mussicom.com\/noticias\/wp-json\/wp\/v2\/tags?post=28044"}],"curies":[{"name":"wp","href":"https:\/\/api.w.org\/{rel}","templated":true}]}}