{"id":27985,"date":"2025-06-28T13:41:03","date_gmt":"2025-06-28T16:41:03","guid":{"rendered":"https:\/\/mussicom.com\/praia-grande-celebra-sao-pedro-com-mudancas-no-transito\/"},"modified":"2025-06-28T13:41:03","modified_gmt":"2025-06-28T16:41:03","slug":"praia-grande-celebra-sao-pedro-com-mudancas-no-transito","status":"publish","type":"post","link":"https:\/\/mussicom.com\/noticias\/praia-grande-celebra-sao-pedro-com-mudancas-no-transito\/","title":{"rendered":"Praia Grande celebra S\u00e3o Pedro com mudan\u00e7as no tr\u00e2nsito"},"content":{"rendered":"<p> <br \/>\n<\/p>\n<div><\/p>\n<div>Praia Grande comemora o dia de seu padroeiro, S\u00e3o Pedro, neste s\u00e1bado (28) e domingo (29), com uma programa\u00e7\u00e3o exclusiva na Pra\u00e7a S\u00e3o Pedro<\/div>\n<\/div>\n<p><br \/>\n<br \/>Fonte: <a href=\"https:\/\/jornaldaorla.com.br\/noticias\/praia-grande-celebra-sao-pedro-com-mudancas-no-transito\/\">Jornal Da Orla<\/a><\/p>\n","protected":false},"excerpt":{"rendered":"<p>Praia Grande comemora o dia de seu padroeiro, S\u00e3o Pedro, neste s\u00e1bado (28) e domingo (29), com uma programa\u00e7\u00e3o exclusiva na Pra\u00e7a S\u00e3o Pedro Fonte: Jornal Da Orla<\/p>\n","protected":false},"author":5,"featured_media":27986,"comment_status":"open","ping_status":"open","sticky":false,"template":"","format":"standard","meta":{"_seopress_robots_primary_cat":"","_seopress_titles_title":"","_seopress_titles_desc":"","_seopress_robots_index":"","footnotes":""},"categories":[52],"tags":[],"class_list":["post-27985","post","type-post","status-publish","format-standard","has-post-thumbnail","hentry","category-santoseregiao"],"_links":{"self":[{"href":"https:\/\/mussicom.com\/noticias\/wp-json\/wp\/v2\/posts\/27985","targetHints":{"allow":["GET"]}}],"collection":[{"href":"https:\/\/mussicom.com\/noticias\/wp-json\/wp\/v2\/posts"}],"about":[{"href":"https:\/\/mussicom.com\/noticias\/wp-json\/wp\/v2\/types\/post"}],"author":[{"embeddable":true,"href":"https:\/\/mussicom.com\/noticias\/wp-json\/wp\/v2\/users\/5"}],"replies":[{"embeddable":true,"href":"https:\/\/mussicom.com\/noticias\/wp-json\/wp\/v2\/comments?post=27985"}],"version-history":[{"count":0,"href":"https:\/\/mussicom.com\/noticias\/wp-json\/wp\/v2\/posts\/27985\/revisions"}],"wp:featuredmedia":[{"embeddable":true,"href":"https:\/\/mussicom.com\/noticias\/wp-json\/wp\/v2\/media\/27986"}],"wp:attachment":[{"href":"https:\/\/mussicom.com\/noticias\/wp-json\/wp\/v2\/media?parent=27985"}],"wp:term":[{"taxonomy":"category","embeddable":true,"href":"https:\/\/mussicom.com\/noticias\/wp-json\/wp\/v2\/categories?post=27985"},{"taxonomy":"post_tag","embeddable":true,"href":"https:\/\/mussicom.com\/noticias\/wp-json\/wp\/v2\/tags?post=27985"}],"curies":[{"name":"wp","href":"https:\/\/api.w.org\/{rel}","templated":true}]}}