{"id":27918,"date":"2025-06-27T18:46:03","date_gmt":"2025-06-27T21:46:03","guid":{"rendered":"https:\/\/mussicom.com\/mais-prazo-para-participar-consulta-publica-da-pnab-e-prorrogada-em-pg\/"},"modified":"2025-06-27T18:46:03","modified_gmt":"2025-06-27T21:46:03","slug":"mais-prazo-para-participar-consulta-publica-da-pnab-e-prorrogada-em-pg","status":"publish","type":"post","link":"https:\/\/mussicom.com\/noticias\/mais-prazo-para-participar-consulta-publica-da-pnab-e-prorrogada-em-pg\/","title":{"rendered":"Mais prazo para participar! Consulta p\u00fablica da PNAB \u00e9 prorrogada em PG"},"content":{"rendered":"<p> <br \/>\n<\/p>\n<div id=\"texto\">\n<p>A Prefeitura de Praia Grande prorrogou o prazo da consulta p\u00fablica \u00a0para elabora\u00e7\u00e3o e implanta\u00e7\u00e3o do Plano de Aplica\u00e7\u00e3o de Recursos (PAR) \u00a0da Pol\u00edtica Nacional Aldir Blanc (PNAB) na Cidade. Com isso, um novo \u00a0encontro presencial foi acrescido, no dia 1\u00ba de julho, e a \u00a0participa\u00e7\u00e3o online prorrogada at\u00e9 11 de julho pela Secretaria de \u00a0Cultura e Turismo.<\/p>\n<p>&#13;<br \/>\nAp\u00f3s os tr\u00eas encontros presenciais (Casa dos Conselhos, E.M Wilson \u00a0Guedes e Espa\u00e7o Cultural Arueiras do Brasil), agora a nova \u00a0participa\u00e7\u00e3o do segmento cultural pode ser feita no Audit\u00f3rio \u00a0Jornalista Roberto Marinho (Audit\u00f3rio da Seduc \u2013 Rua Jos\u00e9 Borges Neto, \u00a0n\u00ba 50), Bairro Mirim, \u00e0s 19 horas. O objetivo das consultas p\u00fablicas \u00e9 \u00a0colher sugest\u00f5es e contribui\u00e7\u00f5es para auxiliar na constru\u00e7\u00e3o da minuta \u00a0do PAR.<\/p>\n<p>&#13;<br \/>\nE a participa\u00e7\u00e3o dos fazedores de cultura do Munic\u00edpio continua sendo \u00a0feita de forma online: o prazo foi prorrogado at\u00e9 dia 11 de julho, \u00a0dispon\u00edvel pelo link https:\/\/forms.gle\/8T4kxJXiSTJPzoaM7. \u201cO aumento \u00a0do prazo possibilita que o segmento cultural ainda participe dessa \u00a0consulta t\u00e3o importante no desenvolvimento de a\u00e7\u00f5es em nossa Cidade\u201d, \u00a0afirma o secret\u00e1rio de Cultura e Turismo, Mauricio Petiz.<\/p>\n<p>&#13;<br \/>\nNa \u00faltima aprova\u00e7\u00e3o do Plano de Aplica\u00e7\u00e3o de Recursos, por exemplo, a \u00a0Cidade recebeu mais de R$ 2,2 milh\u00f5es do Governo Federal, investidos \u00a0na cultura municipal por meio de 8 editais elaborados.<\/p>\n<p>&#13;<br \/>\nConfira os dias e hor\u00e1rios restantes da consulta p\u00fablica no Munic\u00edpio:<br \/>&#13;<br \/>\nFormato online<br \/>&#13;<br \/>\nAt\u00e9 11 de julho<br \/>&#13;<br \/>\nParticipe pelo link https:\/\/forms.gle\/8T4kxJXiSTJPzoaM7<\/p>\n<p>Formato presencial<br \/>&#13;<br \/>\n1\u00ba de julho (19 horas) \u2013 Audit\u00f3rio Jornalista Roberto Marinho \u00a0(Audit\u00f3rio da Seduc \u2013 Rua Jos\u00e9 Borges Neto, n\u00ba 50), bairro Mirim<br \/>&#13;<br \/>\n\u00a0<\/p>\n<\/p><\/div>\n<p><script async defer crossorigin=\"anonymous\" src=\"https:\/\/connect.facebook.net\/pt_BR\/sdk.js#xfbml=1&#038;version=v12.0&#038;appId=&#038;autoLogAppEvents=1\" nonce=\"ou0fI1lo\"><\/script><br \/>\n<br \/><br \/>\n<br \/>Fonte: <a href=\"https:\/\/www.bs9.com.br\/estado\/mais-prazo-para-participar-consulta-publica-da-pnab-e-prorrogada-em\/32830\/\">BS9<\/a><\/p>\n","protected":false},"excerpt":{"rendered":"<p>A Prefeitura de Praia Grande prorrogou o prazo da consulta p\u00fablica \u00a0para elabora\u00e7\u00e3o e implanta\u00e7\u00e3o do Plano de Aplica\u00e7\u00e3o de Recursos (PAR) \u00a0da Pol\u00edtica Nacional Aldir Blanc (PNAB) na Cidade. Com isso, um novo \u00a0encontro presencial foi acrescido, no dia 1\u00ba de julho, e a \u00a0participa\u00e7\u00e3o online prorrogada at\u00e9 11 de julho pela Secretaria de [&hellip;]<\/p>\n","protected":false},"author":5,"featured_media":27589,"comment_status":"open","ping_status":"open","sticky":false,"template":"","format":"standard","meta":{"_seopress_robots_primary_cat":"","_seopress_titles_title":"","_seopress_titles_desc":"","_seopress_robots_index":"","footnotes":""},"categories":[52],"tags":[],"class_list":["post-27918","post","type-post","status-publish","format-standard","has-post-thumbnail","hentry","category-santoseregiao"],"_links":{"self":[{"href":"https:\/\/mussicom.com\/noticias\/wp-json\/wp\/v2\/posts\/27918","targetHints":{"allow":["GET"]}}],"collection":[{"href":"https:\/\/mussicom.com\/noticias\/wp-json\/wp\/v2\/posts"}],"about":[{"href":"https:\/\/mussicom.com\/noticias\/wp-json\/wp\/v2\/types\/post"}],"author":[{"embeddable":true,"href":"https:\/\/mussicom.com\/noticias\/wp-json\/wp\/v2\/users\/5"}],"replies":[{"embeddable":true,"href":"https:\/\/mussicom.com\/noticias\/wp-json\/wp\/v2\/comments?post=27918"}],"version-history":[{"count":0,"href":"https:\/\/mussicom.com\/noticias\/wp-json\/wp\/v2\/posts\/27918\/revisions"}],"wp:featuredmedia":[{"embeddable":true,"href":"https:\/\/mussicom.com\/noticias\/wp-json\/wp\/v2\/media\/27589"}],"wp:attachment":[{"href":"https:\/\/mussicom.com\/noticias\/wp-json\/wp\/v2\/media?parent=27918"}],"wp:term":[{"taxonomy":"category","embeddable":true,"href":"https:\/\/mussicom.com\/noticias\/wp-json\/wp\/v2\/categories?post=27918"},{"taxonomy":"post_tag","embeddable":true,"href":"https:\/\/mussicom.com\/noticias\/wp-json\/wp\/v2\/tags?post=27918"}],"curies":[{"name":"wp","href":"https:\/\/api.w.org\/{rel}","templated":true}]}}