{"id":27908,"date":"2025-06-27T16:44:15","date_gmt":"2025-06-27T19:44:15","guid":{"rendered":"https:\/\/mussicom.com\/dia-internacional-das-micro-pequenas-e-medias-empresas\/"},"modified":"2025-06-27T16:44:15","modified_gmt":"2025-06-27T19:44:15","slug":"dia-internacional-das-micro-pequenas-e-medias-empresas","status":"publish","type":"post","link":"https:\/\/mussicom.com\/noticias\/dia-internacional-das-micro-pequenas-e-medias-empresas\/","title":{"rendered":"Dia Internacional das Micro, Pequenas e M\u00e9dias Empresas"},"content":{"rendered":"<p> <br \/>\n<\/p>\n<p>\n\t\t\t\t\t\tOs empreendedores Bianca Gamero Truquetti (\u00e0 esquerda) e Dielson Nascimento\ufeff Cordeiro utilizaram o microcr\u00e9dito do Banco do Povo para investirem em seus neg\u00f3cios<br \/>\n\t\t\t\t\t\t &#8211; \t\t\t\t\t\tDivulga\u00e7\u00e3o\n\t\t\t\t\t<\/p>\n<div id=\"texto\">\n<p>O Dia Internacional das Micros, Pequenas e M\u00e9dias Empresas \u00e9 celebrado nesta sexta-feira (27). No estado de S\u00e3o Paulo, elas s\u00e3o 6,3 milh\u00f5es, de acordo com dados do\u00a0Mapa de Empresas, e foram respons\u00e1veis por 67,8% do total de empregos com carteira assinada em 2024, conforme levantamento extra\u00eddo do\u00a0painel do Sebrae com base em dados do Cadastro Geral de Empregados e Desempregados (Caged).<\/p>\n<p>\u00a0<\/p>\n<p>Para estimular esse importante setor econ\u00f4mico, a Secretaria de Desenvolvimento Econ\u00f4mico (SDE), por meio do Banco do Povo Paulista (BPP), de 2023 a maio deste ano, j\u00e1 desembolsou mais de R$ 500 milh\u00f5es em microcr\u00e9dito em 32 mil opera\u00e7\u00f5es para donos de micro, pequenos e m\u00e9dios neg\u00f3cios do estado de S\u00e3o Paulo. Os Microempreendedores Individuais (MEIs) correspondem a 68,8% dos empreendedores apoiados pelo programa, enquanto as Microempresas (MEs) representam 14,81% e as empresas de Sociedade Limitada (LTDA), 11,60%.<\/p>\n<p>\u00a0<\/p>\n<p>O empreendedor Dielson Nascimento Cordeiro, de 53 anos, utilizou o microcr\u00e9dito do programa e evitou a fal\u00eancia do petshop Anjinhos Travessos, localizado na Vila Carmosina, zona leste da capital. &#8220;Sem o aux\u00edlio do Banco do Povo, meu neg\u00f3cio teria fechado. Tivemos momentos cr\u00edticos, e o empr\u00e9stimo foi decisivo para que eu pudesse reorganizar o caixa, adquirir produtos e continuar atendendo meus clientes da melhor forma poss\u00edvel&#8221;, destaca Dielson.<\/p>\n<p>\u00a0<\/p>\n<p>J\u00e1 a designer de unhas Bianca Gamero Truquetti, 31 anos, moradora da cidade de Birigui, no noroeste paulista, tamb\u00e9m contou com o apoio do BPP para alavancar o pr\u00f3prio neg\u00f3cio. &#8220;Comecei atendendo na garagem de casa e, em 2023, fiz o empr\u00e9stimo com o Banco do Povo. Com o valor, comprei materiais e constru\u00ed o sal\u00e3o. O Banco do Povo n\u00e3o me deu apenas um empr\u00e9stimo, mas a chance de acreditar no meu potencial. \u00c9 um alicerce para quem deseja crescer&#8221;, explica Bianca.<\/p>\n<p>\u00a0<\/p>\n<p><strong>Linhas de microcr\u00e9dito e como solicitar<\/strong><\/p>\n<p>O Banco do Povo possui tr\u00eas linhas de cr\u00e9dito: Empreenda R\u00e1pido, Empreenda Mulher e Empreenda Afro, com valores entre R$ 200 e R$ 21 mil para empreendedores formais (MEI, EI, ME, EPP, LTDA e produtor rural com CNPJ) e informais (pessoa f\u00edsica e produtor rural sem CNPJ).\u00a0As linhas possuem\u00a0condi\u00e7\u00f5es especiais e\u00a0juros bem abaixo do que s\u00e3o praticados no mercado e que podem ser usadas para capital de giro, compra de mat\u00e9ria-prima, ferramentas, reformas ou maquin\u00e1rios.<\/p>\n<p>\u00a0<\/p>\n<p>Assim como Dielson e Bianca, os empreendedores do estado de S\u00e3o Paulo que tenham interesse em solicitar o microcr\u00e9dito devem realizar uma atividade produtiva nos munic\u00edpios contemplados pelo BPP e n\u00e3o possuir restri\u00e7\u00f5es cadastrais. Al\u00e9m disso, \u00e9 preciso realizar um curso de capacita\u00e7\u00e3o empreendedora.<\/p>\n<p>\u00a0<\/p>\n<p>Para saber quais s\u00e3o as unidades conveniadas ao Banco do Povo, conferir a lista dos documentos necess\u00e1rios e as taxas de juros, basta acessar a p\u00e1gina do Banco do Povo Paulista,\u00a0no site da SDE.<\/p>\n<p>\u00a0<\/p>\n<p><strong>Sobre a SDE<\/strong><\/p>\n<p>A Secretaria de Desenvolvimento Econ\u00f4mico (SDE), do Governo do Estado de S\u00e3o Paulo, exerce papel fundamental para a reindustrializa\u00e7\u00e3o e atra\u00e7\u00e3o de investimentos com foco na gera\u00e7\u00e3o de emprego, renda e desenvolvimento regional. Al\u00e9m disso, conta com programas de capacita\u00e7\u00e3o profissional e a\u00e7\u00f5es de fomento ao empreendedorismo, que incluem linhas de microcr\u00e9ditos do Banco do Povo. A pasta tem como institui\u00e7\u00f5es vinculadas: InvestSP, Desenvolve SP e Junta Comercial do Estado de S\u00e3o Paulo (Jucesp).<\/p>\n<p>\u00a0<\/p>\n<p>\u00a0<\/p>\n<p>\u00a0<\/p>\n<p>Secretaria de Desenvolvimento Econ\u00f4mico<\/p>\n<\/p><\/div>\n<p><script async defer crossorigin=\"anonymous\" src=\"https:\/\/connect.facebook.net\/pt_BR\/sdk.js#xfbml=1&#038;version=v12.0&#038;appId=&#038;autoLogAppEvents=1\" nonce=\"ou0fI1lo\"><\/script><br \/>\n<br \/><br \/>\n<br \/>Fonte: <a href=\"https:\/\/www.bs9.com.br\/brasil\/dia-internacional-das-micro-pequenas-e-medias-empresas\/32833\/\">BS9<\/a><\/p>\n","protected":false},"excerpt":{"rendered":"<p>Os empreendedores Bianca Gamero Truquetti (\u00e0 esquerda) e Dielson Nascimento\ufeff Cordeiro utilizaram o microcr\u00e9dito do Banco do Povo para investirem em seus neg\u00f3cios &#8211; Divulga\u00e7\u00e3o O Dia Internacional das Micros, Pequenas e M\u00e9dias Empresas \u00e9 celebrado nesta sexta-feira (27). No estado de S\u00e3o Paulo, elas s\u00e3o 6,3 milh\u00f5es, de acordo com dados do\u00a0Mapa de Empresas, [&hellip;]<\/p>\n","protected":false},"author":5,"featured_media":27909,"comment_status":"open","ping_status":"open","sticky":false,"template":"","format":"standard","meta":{"_seopress_robots_primary_cat":"","_seopress_titles_title":"","_seopress_titles_desc":"","_seopress_robots_index":"","footnotes":""},"categories":[52],"tags":[],"class_list":["post-27908","post","type-post","status-publish","format-standard","has-post-thumbnail","hentry","category-santoseregiao"],"_links":{"self":[{"href":"https:\/\/mussicom.com\/noticias\/wp-json\/wp\/v2\/posts\/27908","targetHints":{"allow":["GET"]}}],"collection":[{"href":"https:\/\/mussicom.com\/noticias\/wp-json\/wp\/v2\/posts"}],"about":[{"href":"https:\/\/mussicom.com\/noticias\/wp-json\/wp\/v2\/types\/post"}],"author":[{"embeddable":true,"href":"https:\/\/mussicom.com\/noticias\/wp-json\/wp\/v2\/users\/5"}],"replies":[{"embeddable":true,"href":"https:\/\/mussicom.com\/noticias\/wp-json\/wp\/v2\/comments?post=27908"}],"version-history":[{"count":0,"href":"https:\/\/mussicom.com\/noticias\/wp-json\/wp\/v2\/posts\/27908\/revisions"}],"wp:featuredmedia":[{"embeddable":true,"href":"https:\/\/mussicom.com\/noticias\/wp-json\/wp\/v2\/media\/27909"}],"wp:attachment":[{"href":"https:\/\/mussicom.com\/noticias\/wp-json\/wp\/v2\/media?parent=27908"}],"wp:term":[{"taxonomy":"category","embeddable":true,"href":"https:\/\/mussicom.com\/noticias\/wp-json\/wp\/v2\/categories?post=27908"},{"taxonomy":"post_tag","embeddable":true,"href":"https:\/\/mussicom.com\/noticias\/wp-json\/wp\/v2\/tags?post=27908"}],"curies":[{"name":"wp","href":"https:\/\/api.w.org\/{rel}","templated":true}]}}