{"id":27842,"date":"2025-06-26T23:24:05","date_gmt":"2025-06-27T02:24:05","guid":{"rendered":"https:\/\/mussicom.com\/bonde-de-santos-amplia-horario-de-circulacao-em-julho\/"},"modified":"2025-06-26T23:24:05","modified_gmt":"2025-06-27T02:24:05","slug":"bonde-de-santos-amplia-horario-de-circulacao-em-julho","status":"publish","type":"post","link":"https:\/\/mussicom.com\/noticias\/bonde-de-santos-amplia-horario-de-circulacao-em-julho\/","title":{"rendered":"Bonde de Santos amplia hor\u00e1rio de circula\u00e7\u00e3o em julho"},"content":{"rendered":"<p> <br \/>\n<\/p>\n<div id=\"texto\">\n<p>Durante o m\u00eas de julho, a Linha Tur\u00edstica de Bondes funcionar\u00e1 em hor\u00e1rio especial, ampliando o atendimento para moradores e turistas que visitam a Cidade no per\u00edodo de f\u00e9rias escolares. Funcionar\u00e1 das 10h30 \u00e0s 17h. De ter\u00e7a a sexta-feira, com sa\u00eddas a cada 30 minutos. Aos s\u00e1bados, as partidas ocorrem a cada 20 minutos, e aos domingos, o intervalo \u00e9 de 30 minutos.<\/p>\n<p>\u00a0<\/p>\n<p>O trajeto percorre o Centro Hist\u00f3rico, com narra\u00e7\u00e3o dos condutores, que contam curiosidades sobre os casar\u00f5es, monumentos e personagens marcantes. Os el\u00e9tricos integram o Museu Vivo dos Bondes de Santos, um dos poucos do mundo a operar com ve\u00edculos hist\u00f3ricos em circula\u00e7\u00e3o ativa<\/p>\n<p>\u00a0<\/p>\n<p><strong>CAF\u00c9 EXPOSITIVO<\/strong><\/p>\n<p>Outra atra\u00e7\u00e3o especial durante julho \u00e9 o Bonde Caf\u00e9 Expositivo, quintas e sextas-feiras, das 13h \u00e0s 16h. A experi\u00eancia inclui uma degusta\u00e7\u00e3o gratuita da bebida, al\u00e9m de dicas do barista convidado, que compartilha informa\u00e7\u00f5es sobre preparo, origem e sabor.<\/p>\n<p>\u00a0<\/p>\n<p>Ocorre com o bonde estacionado. As senhas para participar da degusta\u00e7\u00e3o devem ser retiradas na recep\u00e7\u00e3o do Museu Pel\u00e9 (Largo Marqu\u00eas de Monte Alegre s\/n\u00ba, Valongo), por ordem de chegada e com vagas limitadas.<\/p>\n<p>\u00a0<\/p>\n<p>A opera\u00e7\u00e3o dos bondes \u00e9 gerenciada pela Companhia de Engenharia de Tr\u00e1fego de Santos (CET-Santos), respons\u00e1vel tamb\u00e9m pela manuten\u00e7\u00e3o, restaura\u00e7\u00e3o e condu\u00e7\u00e3o dos ve\u00edculos hist\u00f3ricos.<\/p>\n<\/p><\/div>\n<p><script async defer crossorigin=\"anonymous\" src=\"https:\/\/connect.facebook.net\/pt_BR\/sdk.js#xfbml=1&#038;version=v12.0&#038;appId=&#038;autoLogAppEvents=1\" nonce=\"ou0fI1lo\"><\/script><br \/>\n<br \/><br \/>\n<br \/>Fonte: <a href=\"https:\/\/www.bs9.com.br\/litoral\/bonde-de-santos-amplia-horario-de-circulacao-em-julho\/32814\/\">BS9<\/a><\/p>\n","protected":false},"excerpt":{"rendered":"<p>Durante o m\u00eas de julho, a Linha Tur\u00edstica de Bondes funcionar\u00e1 em hor\u00e1rio especial, ampliando o atendimento para moradores e turistas que visitam a Cidade no per\u00edodo de f\u00e9rias escolares. Funcionar\u00e1 das 10h30 \u00e0s 17h. De ter\u00e7a a sexta-feira, com sa\u00eddas a cada 30 minutos. Aos s\u00e1bados, as partidas ocorrem a cada 20 minutos, e [&hellip;]<\/p>\n","protected":false},"author":5,"featured_media":27843,"comment_status":"open","ping_status":"open","sticky":false,"template":"","format":"standard","meta":{"_seopress_robots_primary_cat":"","_seopress_titles_title":"","_seopress_titles_desc":"","_seopress_robots_index":"","footnotes":""},"categories":[52],"tags":[],"class_list":["post-27842","post","type-post","status-publish","format-standard","has-post-thumbnail","hentry","category-santoseregiao"],"_links":{"self":[{"href":"https:\/\/mussicom.com\/noticias\/wp-json\/wp\/v2\/posts\/27842","targetHints":{"allow":["GET"]}}],"collection":[{"href":"https:\/\/mussicom.com\/noticias\/wp-json\/wp\/v2\/posts"}],"about":[{"href":"https:\/\/mussicom.com\/noticias\/wp-json\/wp\/v2\/types\/post"}],"author":[{"embeddable":true,"href":"https:\/\/mussicom.com\/noticias\/wp-json\/wp\/v2\/users\/5"}],"replies":[{"embeddable":true,"href":"https:\/\/mussicom.com\/noticias\/wp-json\/wp\/v2\/comments?post=27842"}],"version-history":[{"count":0,"href":"https:\/\/mussicom.com\/noticias\/wp-json\/wp\/v2\/posts\/27842\/revisions"}],"wp:featuredmedia":[{"embeddable":true,"href":"https:\/\/mussicom.com\/noticias\/wp-json\/wp\/v2\/media\/27843"}],"wp:attachment":[{"href":"https:\/\/mussicom.com\/noticias\/wp-json\/wp\/v2\/media?parent=27842"}],"wp:term":[{"taxonomy":"category","embeddable":true,"href":"https:\/\/mussicom.com\/noticias\/wp-json\/wp\/v2\/categories?post=27842"},{"taxonomy":"post_tag","embeddable":true,"href":"https:\/\/mussicom.com\/noticias\/wp-json\/wp\/v2\/tags?post=27842"}],"curies":[{"name":"wp","href":"https:\/\/api.w.org\/{rel}","templated":true}]}}