{"id":27840,"date":"2025-06-26T23:18:59","date_gmt":"2025-06-27T02:18:59","guid":{"rendered":"https:\/\/mussicom.com\/a-carreira-de-raul-seixas-como-produtor\/"},"modified":"2025-06-26T23:18:59","modified_gmt":"2025-06-27T02:18:59","slug":"a-carreira-de-raul-seixas-como-produtor","status":"publish","type":"post","link":"https:\/\/mussicom.com\/noticias\/a-carreira-de-raul-seixas-como-produtor\/","title":{"rendered":"A carreira de Raul Seixas como produtor"},"content":{"rendered":"<p> <br \/>\n<\/p>\n<div>\n<p>A carreira de <strong>Raul Seixas<\/strong> teve v\u00e1rias facetas. Antes de se tornar \u00edcone do rock como cantor e compositor, o Maluco Beleza viveu seus dias de produtor musical.<\/p>\n<p>Ap\u00f3s tentar a sorte e fracassar no <strong>Rio de Janeiro<\/strong> com a banda <strong>Raulzito e Os Panteras<\/strong>, o baiano voltou a <strong>Salvador<\/strong>. Naturalmente, ficou remoendo a empreitada que n\u00e3o deu certo.<\/p>\n<p>Logo ele conheceria pessoas ligadas \u00e0 <strong>CBS<\/strong>, dentre elas <strong>Jerry Adriani<\/strong>. O \u00edcone da Jovem Guarda ajudou no processo de convenc\u00ea-lo a retornar ao Rio para trabalhar na gravadora como produtor.<\/p>\n<p>Desta forma, entre 1969 e 1973, Raul produziu outros artistas do selo. Em muitos casos, contribuiu at\u00e9 com composi\u00e7\u00f5es. Foi assim, por exemplo, com sucessos como <strong>&#8220;Playboy&#8221;<\/strong>, gravado por <strong>Renato &amp; Seus Blue Caps<\/strong>; <strong>&#8220;Ainda Queima a Esperan\u00e7a&#8221;<\/strong>, de <strong>Diana<\/strong>, e <strong>&#8220;Tudo Que \u00c9 Bom Dura Pouco&#8221;<\/strong>, do pr\u00f3prio Jerry Adriani.<\/p>\n<h3>Declara\u00e7\u00f5es sobre Raul Seixas produtor<\/h3>\n<p>Em entrevista recuperada pelo site R10, Jerry conta que sua rela\u00e7\u00e3o com Raul era t\u00e3o boa que ele pediu ao diretor da CBS, Evandro Ribeiro, para que o Maluco Beleza produzisse seus trabalhos.<\/p>\n<blockquote class=\"citacao\"><p><em>&#8220;Ele ficou meio cabreiro, mas acabou topando. Produziu tr\u00eas LPs meus e \u00e9 autor de um dos maiores sucessos da minha carreira, <strong>&#8216;Doce, Doce Amor&#8217;<\/strong>.&#8221;<\/em><\/p><\/blockquote>\n<p>Ao relembrar o trabalho de Seixas ao compor e produzir outro astro da \u00e9poca, <strong>Odair Jos\u00e9<\/strong>, <strong>Cl\u00e1udio Cavalcanti<\/strong> comentou ao Di\u00e1rio de Not\u00edcias (via UFU):<\/p>\n<blockquote class=\"citacao\"><p><em>&#8220;\u00c9 fant\u00e1stico. O danado do Raul faz uma musiquinha de Odair Jos\u00e9, com arranjo igual aos do Odair Jos\u00e9, cantando igual ao Odair Jos\u00e9. Mas a letra \u00e9 que \u00e9 fogo! Aparente-mente, na base de Odair Jos\u00e9&#8230; Mas a\u00ed a gente presta aten\u00e7\u00e3o, e \u00e9 uma paulada. A &#8216;mensagem&#8217; \u00e9 de tamanha viol\u00eancia, a coisa \u00e9 curtida t\u00e3o &#8216;at\u00e9 o fundo&#8217;, que a gente descobre por que Raul Seixas est\u00e1 no primeiro lugar. E fica tudo muito bonito.&#8221;<\/em><\/p><\/blockquote>\n<p>Em afirma\u00e7\u00e3o presente no livro <em><strong>Raul Seixas Por Ele Mesmo<\/strong><\/em>, de <strong>Sylvio Passos<\/strong>, Raul demonstrou compreender que sua atua\u00e7\u00e3o como produtor forneceu a ele uma evolu\u00e7\u00e3o imprescind\u00edvel. Talvez sem esse per\u00edodo anterior, sua carreira art\u00edstica n\u00e3o teria decolado logo de cara.<\/p>\n<blockquote class=\"citacao\"><p><em>&#8220;Eu tive uma escola muito importante que foi a CBS [&#8230;]. Foi uma viv\u00eancia fant\u00e1stica para mim. Aprendi muito a comunicar.&#8221;<\/em><\/p><\/blockquote>\n<p>A lista de artistas produzidos por Raulzito incluiu ainda <strong>Tony &amp; Frankye<\/strong>, <strong>Osvaldo Nunes<\/strong>, <strong>Balthazar<\/strong>, <strong>S\u00e9rgio Sampaio<\/strong>, <strong>Miriam Batucada<\/strong> e <strong>Edy Star<\/strong>. Guarde os tr\u00eas \u00faltimos nomes.<\/p>\n<h3>Sociedade da Gr\u00e3-Ordem Kavernista<\/h3>\n<p>Em 1971, foi lan\u00e7ado um dos trabalhos mais significativos de Raul como produtor: a inovadora \u00f3pera-rock <em><strong>Sociedade da Gr\u00e3-Ordem Kavernista Apresenta Sess\u00e3o das 10<\/strong><\/em>, na qual ele tamb\u00e9m contribui com composi\u00e7\u00f5es e tocando guitarra.<\/p>\n<p>A tal <strong>Sociedade da Gr\u00e3-Ordem Kavernista<\/strong> era formada por Raul e outros tr\u00eas m\u00fasicos, que depois tamb\u00e9m ganhariam notoriedade em carreiras solo: <strong>S\u00e9rgio Sampaio<\/strong>, <strong>Edy Star<\/strong> e <strong>Miriam Batucada<\/strong>.<\/p>\n<p><iframe allowfullscreen=\"allowfullscreen\" frameborder=\"0\" height=\"352\" loading=\"lazy\" src=\"https:\/\/open.spotify.com\/embed\/album\/1VLAdz5Y3GYXyIN7hxUDtu?utm_source=generator\" style=\"border-radius: 12px;\" width=\"100%\"><\/iframe><\/p>\n<p>Apesar de ter tido pouca repercuss\u00e3o na \u00e9poca e at\u00e9 ter sido recolhido pela censura da ditadura militar, o disco cresceu ao longo do tempo. Hoje, \u00e9 considerado um marco da m\u00fasica transgressora no Brasil, misturando rock psicod\u00e9lico, MPB e ritmos regionais como bai\u00e3o, xote, xaxado e outros.<\/p>\n<h3>Raul Seixas, n\u00e3o mais produtor<\/h3>\n<p>A participa\u00e7\u00e3o no \u00e1lbum reacendeu a chama de artista que havia em Raul Seixas. Ele continuou trabalhando como produtor por mais um tempo, mas logo se viu inclinado e convencido a retomar a pr\u00f3pria trajet\u00f3ria.<\/p>\n<p>Em 1973, Raul lan\u00e7ou seu aclamado disco de estreia, <em><strong>Krig-ha, Bandolo!<\/strong><\/em>. Emplacou, no mesmo ano, seu primeiro grande sucesso: a m\u00fasica <strong>&#8220;Ouro de Tolo&#8221;<\/strong>.<\/p>\n<p>A partir da\u00ed, os dias como produtor estavam contados. Com uma sequ\u00eancia de grandes trabalhos autorais \u2014 <em><strong>Gita<\/strong><\/em> (1974), <em><strong>Novo Aeon<\/strong><\/em> (1975), <em><strong>H\u00e1 10 Mil Anos Atr\u00e1s<\/strong><\/em> (1976) \u2014, o Maluco Beleza se tornaria o maior nome do rock nacional na d\u00e9cada e, qui\u00e7\u00e1, em todos os tempos.<\/p>\n<p><strong>+++ LEIA MAIS: Nova s\u00e9rie &#8216;Raul Seixas: Eu Sou&#8217; tem in\u00edcio arrastado, falho e caricato<\/strong><br \/><strong>+++ LEIA MAIS: Morreu de fome? Filha de Raul Seixas reage \u00e0 fala de Lob\u00e3o sobre seu pai<\/strong><br \/><strong>+++ LEIA MAIS: Antes que o esque\u00e7am, Edy Star narra trajet\u00f3ria em filme que reitera legado: &#8216;N\u00e3o me dou essa import\u00e2ncia&#8217;<\/strong><\/p>\n<\/div>\n<p><br \/>\n<br \/>Fonte: <a href=\"https:\/\/rollingstone.com.br\/musica\/a-carreira-de-raul-seixas-como-produtor\/\">rollingstone.com.br<\/a><\/p>\n","protected":false},"excerpt":{"rendered":"<p>A carreira de Raul Seixas teve v\u00e1rias facetas. Antes de se tornar \u00edcone do rock como cantor e compositor, o Maluco Beleza viveu seus dias de produtor musical. Ap\u00f3s tentar a sorte e fracassar no Rio de Janeiro com a banda Raulzito e Os Panteras, o baiano voltou a Salvador. Naturalmente, ficou remoendo a empreitada [&hellip;]<\/p>\n","protected":false},"author":5,"featured_media":27841,"comment_status":"open","ping_status":"open","sticky":false,"template":"","format":"standard","meta":{"_seopress_robots_primary_cat":"","_seopress_titles_title":"","_seopress_titles_desc":"","_seopress_robots_index":"","footnotes":""},"categories":[51],"tags":[],"class_list":["post-27840","post","type-post","status-publish","format-standard","has-post-thumbnail","hentry","category-musica"],"_links":{"self":[{"href":"https:\/\/mussicom.com\/noticias\/wp-json\/wp\/v2\/posts\/27840","targetHints":{"allow":["GET"]}}],"collection":[{"href":"https:\/\/mussicom.com\/noticias\/wp-json\/wp\/v2\/posts"}],"about":[{"href":"https:\/\/mussicom.com\/noticias\/wp-json\/wp\/v2\/types\/post"}],"author":[{"embeddable":true,"href":"https:\/\/mussicom.com\/noticias\/wp-json\/wp\/v2\/users\/5"}],"replies":[{"embeddable":true,"href":"https:\/\/mussicom.com\/noticias\/wp-json\/wp\/v2\/comments?post=27840"}],"version-history":[{"count":0,"href":"https:\/\/mussicom.com\/noticias\/wp-json\/wp\/v2\/posts\/27840\/revisions"}],"wp:featuredmedia":[{"embeddable":true,"href":"https:\/\/mussicom.com\/noticias\/wp-json\/wp\/v2\/media\/27841"}],"wp:attachment":[{"href":"https:\/\/mussicom.com\/noticias\/wp-json\/wp\/v2\/media?parent=27840"}],"wp:term":[{"taxonomy":"category","embeddable":true,"href":"https:\/\/mussicom.com\/noticias\/wp-json\/wp\/v2\/categories?post=27840"},{"taxonomy":"post_tag","embeddable":true,"href":"https:\/\/mussicom.com\/noticias\/wp-json\/wp\/v2\/tags?post=27840"}],"curies":[{"name":"wp","href":"https:\/\/api.w.org\/{rel}","templated":true}]}}