{"id":27464,"date":"2025-06-24T08:06:06","date_gmt":"2025-06-24T11:06:06","guid":{"rendered":"https:\/\/mussicom.com\/a-classica-banda-punk-cujo-dono-demitiu-geral-e-so-trouxe-musico-da-geracao-z\/"},"modified":"2025-06-24T08:06:06","modified_gmt":"2025-06-24T11:06:06","slug":"a-classica-banda-punk-cujo-dono-demitiu-geral-e-so-trouxe-musico-da-geracao-z","status":"publish","type":"post","link":"https:\/\/mussicom.com\/noticias\/a-classica-banda-punk-cujo-dono-demitiu-geral-e-so-trouxe-musico-da-geracao-z\/","title":{"rendered":"A cl\u00e1ssica banda punk cujo dono demitiu geral e s\u00f3 trouxe m\u00fasico da gera\u00e7\u00e3o Z"},"content":{"rendered":"<p> <br \/>\n<\/p>\n<div>\n<p>Um dos nomes mais importantes do punk e considerado o grande pioneiro do hardcore nos <strong>Estados Unidos<\/strong> est\u00e1 de cara nova. E \u00e9 &#8220;nova&#8221; realmente, pois os tr\u00eas integrantes recrutados recentemente t\u00eam menos da metade da idade do guitarrista e chef\u00e3o <strong>Greg Ginn<\/strong>, \u00fanico membro presente em todas as encarna\u00e7\u00f5es da banda.<\/p>\n<p>Estamos falando do <strong>Black Flag<\/strong>, que em abril passou por uma consider\u00e1vel reformula\u00e7\u00e3o. Greg demitiu os antigos m\u00fasicos e anunciou tr\u00eas &#8220;calouros&#8221;, todos da chamada gera\u00e7\u00e3o Z (nascidos entre 1997 e 2010).<\/p>\n<p>S\u00e3o eles: a vocalista <strong>Max Zanelly<\/strong>, o baixista <strong>David Rodriguez<\/strong> e o baterista <strong>Bryce Weston<\/strong>. Em contrapartida, sa\u00edram <strong>Mike Vallely<\/strong> (vocal), <strong>Harley Duggan<\/strong> (baixo) and <strong>Charles Wiley<\/strong> (bateria).<\/p>\n<p>Aos 71 anos de idade, Greg Ginn tenta mais uma vez revitalizar o <strong>Black Flag<\/strong>, formado em 1976 em <strong>Hermosa Beach<\/strong>, nos arredores de <strong>Los Angeles<\/strong>. A estreia da nova forma\u00e7\u00e3o ocorreu em <strong>Sofia<\/strong>, capital da <strong>Bulg\u00e1ria<\/strong>, no \u00faltimo dia 10 de junho. Veja v\u00eddeos de apresenta\u00e7\u00f5es recentes a seguir.<\/p>\n<p><iframe title=\"Black Flag - Paris - 15\/06\/2025\" width=\"800\" height=\"450\" src=\"https:\/\/www.youtube.com\/embed\/bwTK39JQ69w?feature=oembed\" frameborder=\"0\" allow=\"accelerometer; autoplay; clipboard-write; encrypted-media; gyroscope; picture-in-picture; web-share\" referrerpolicy=\"strict-origin-when-cross-origin\" allowfullscreen><\/iframe><\/p>\n<p><iframe title=\"Black Flag  - Six Pack Live @Rockfest 14.6.2025\" width=\"800\" height=\"450\" src=\"https:\/\/www.youtube.com\/embed\/_qljhbnKA3I?feature=oembed\" frameborder=\"0\" allow=\"accelerometer; autoplay; clipboard-write; encrypted-media; gyroscope; picture-in-picture; web-share\" referrerpolicy=\"strict-origin-when-cross-origin\" allowfullscreen><\/iframe><\/p>\n<p><iframe title=\"Black Flag - My War + I&#039;ve Heard It Before - Paris - 15\/06\/2025\" width=\"800\" height=\"450\" src=\"https:\/\/www.youtube.com\/embed\/67VgSgFsZ9E?feature=oembed\" frameborder=\"0\" allow=\"accelerometer; autoplay; clipboard-write; encrypted-media; gyroscope; picture-in-picture; web-share\" referrerpolicy=\"strict-origin-when-cross-origin\" allowfullscreen><\/iframe><\/p>\n<p>No comunicado de abril, o grupo prometeu trabalhar tamb\u00e9m em composi\u00e7\u00f5es in\u00e9ditas para lan\u00e7ar um novo \u00e1lbum de est\u00fadio. No entanto, n\u00e3o h\u00e1 previs\u00e3o de datas.<\/p>\n<h3>Sobre o Black Flag<\/h3>\n<p>Nos tempos \u00e1ureos, o <strong>Black Flag<\/strong> lan\u00e7ou uma s\u00e9rie de EP&#8217;s fundamentais para o desenvolvimento do hardcore, como <em><strong>Nervous Breakdown<\/strong><\/em> (1979) e <em><strong>Jealous Again<\/strong><\/em> (1980). Em 1981, j\u00e1 com <strong>Henry Rollins<\/strong> nos vocais, a banda soltou <em><strong>Damaged<\/strong><\/em>, seu influente \u00e1lbum de estreia.<\/p>\n<p>Na primeira metade da d\u00e9cada de 1980, o <strong>Black Flag<\/strong> extrapolou o hardcore\/punk e incorporou outros elementos. Trouxe, inclusive, o som pesado e arrastado do <strong>Black Sabbath<\/strong> no lado B do disco <em><strong>My War<\/strong><\/em> (1984), considerado uma pedra fundamental para g\u00eaneros que vieram posteriormente, como o grunge e o sludge.<\/p>\n<p>O <strong>Black Flag<\/strong> encerrou atividades em 1986. Ap\u00f3s quase 20 anos inativo, Greg Ginn ressuscitou a banda pontualmente em 2003 e 2013 \u2014 e depois de forma mais recorrente a partir de 2019.<\/p>\n<p><strong>+++ LEIA MAIS: Billie Joe Armstrong homenageia Brian Wilson com cover eletrizante de &#8216;I Get Around&#8217;<\/strong><br \/><strong>+++ LEIA MAIS: Brian James, guitarrista original do The Damned, morre aos 70 anos<\/strong><br \/><strong>+++ LEIA MAIS: A banda punk que \u00e9 a maior inspira\u00e7\u00e3o de Thurston Moore (Sonic Youth)<\/strong><\/p>\n<\/div>\n<p><br \/>\n<br \/>Fonte: <a href=\"https:\/\/rollingstone.com.br\/musica\/a-classica-banda-punk-cujo-dono-demitiu-geral-e-so-trouxe-musico-da-geracao-z\/\">rollingstone.com.br<\/a><\/p>\n","protected":false},"excerpt":{"rendered":"<p>Um dos nomes mais importantes do punk e considerado o grande pioneiro do hardcore nos Estados Unidos est\u00e1 de cara nova. E \u00e9 &#8220;nova&#8221; realmente, pois os tr\u00eas integrantes recrutados recentemente t\u00eam menos da metade da idade do guitarrista e chef\u00e3o Greg Ginn, \u00fanico membro presente em todas as encarna\u00e7\u00f5es da banda. Estamos falando do [&hellip;]<\/p>\n","protected":false},"author":5,"featured_media":27465,"comment_status":"open","ping_status":"open","sticky":false,"template":"","format":"standard","meta":{"_seopress_robots_primary_cat":"","_seopress_titles_title":"","_seopress_titles_desc":"","_seopress_robots_index":"","footnotes":""},"categories":[51],"tags":[],"class_list":["post-27464","post","type-post","status-publish","format-standard","has-post-thumbnail","hentry","category-musica"],"_links":{"self":[{"href":"https:\/\/mussicom.com\/noticias\/wp-json\/wp\/v2\/posts\/27464","targetHints":{"allow":["GET"]}}],"collection":[{"href":"https:\/\/mussicom.com\/noticias\/wp-json\/wp\/v2\/posts"}],"about":[{"href":"https:\/\/mussicom.com\/noticias\/wp-json\/wp\/v2\/types\/post"}],"author":[{"embeddable":true,"href":"https:\/\/mussicom.com\/noticias\/wp-json\/wp\/v2\/users\/5"}],"replies":[{"embeddable":true,"href":"https:\/\/mussicom.com\/noticias\/wp-json\/wp\/v2\/comments?post=27464"}],"version-history":[{"count":0,"href":"https:\/\/mussicom.com\/noticias\/wp-json\/wp\/v2\/posts\/27464\/revisions"}],"wp:featuredmedia":[{"embeddable":true,"href":"https:\/\/mussicom.com\/noticias\/wp-json\/wp\/v2\/media\/27465"}],"wp:attachment":[{"href":"https:\/\/mussicom.com\/noticias\/wp-json\/wp\/v2\/media?parent=27464"}],"wp:term":[{"taxonomy":"category","embeddable":true,"href":"https:\/\/mussicom.com\/noticias\/wp-json\/wp\/v2\/categories?post=27464"},{"taxonomy":"post_tag","embeddable":true,"href":"https:\/\/mussicom.com\/noticias\/wp-json\/wp\/v2\/tags?post=27464"}],"curies":[{"name":"wp","href":"https:\/\/api.w.org\/{rel}","templated":true}]}}