{"id":27339,"date":"2025-06-23T10:51:59","date_gmt":"2025-06-23T13:51:59","guid":{"rendered":"https:\/\/mussicom.com\/praia-grande-sp-obtem-junto-ao-estado-mais-r-5-milhoes-para-a-saude\/"},"modified":"2025-06-23T10:51:59","modified_gmt":"2025-06-23T13:51:59","slug":"praia-grande-sp-obtem-junto-ao-estado-mais-r-5-milhoes-para-a-saude","status":"publish","type":"post","link":"https:\/\/mussicom.com\/noticias\/praia-grande-sp-obtem-junto-ao-estado-mais-r-5-milhoes-para-a-saude\/","title":{"rendered":"Praia Grande\/SP obt\u00e9m junto ao Estado mais R$ 5 milh\u00f5es para a Sa\u00fade"},"content":{"rendered":"<p> <br \/>\n<\/p>\n<div id=\"texto\">\n<p>O Governo de S\u00e3o Paulo anunciou a libera\u00e7\u00e3o de mais de R$ 930 milh\u00f5es \u00a0para os 645 munic\u00edpios do Estado. A Cidade foi contemplada com R$ 5 \u00a0milh\u00f5es, que ser\u00e3o destinados para a realiza\u00e7\u00e3o de consultas, exames e \u00a0procedimentos, agilizando ainda mais o atendimento junto \u00e0 popula\u00e7\u00e3o.<\/p>\n<p>\u00a0<\/p>\n<p>Os valores foram disponibilizados por meio de transfer\u00eancias \u00a0volunt\u00e1rias de parlamentares federais e estaduais e indica\u00e7\u00f5es \u00a0governamentais, al\u00e9m de emendas impositivas da Assembleia Legislativa \u00a0de S\u00e3o Paulo. Para Praia Grande, o aporte foi poss\u00edvel a partir da \u00a0interven\u00e7\u00e3o do prefeito Alberto Mour\u00e3o enquanto deputado federal, que \u00a0destinou recursos de emendas para a Cidade.<\/p>\n<p>\u00a0<\/p>\n<p>O an\u00fancio ocorreu durante cerim\u00f4nia realizada no Pal\u00e1cio dos \u00a0Bandeirantes, reunindo prefeitos, secret\u00e1rios de sa\u00fade, vereadores, \u00a0deputados estaduais e federais e representantes dos munic\u00edpios. O \u00a0an\u00fancio foi feito pelo governador Tarc\u00edsio de Freitas. A cerim\u00f4nia \u00a0contou ainda com a presen\u00e7a do secret\u00e1rio de Estado da Sa\u00fade, Eleuses \u00a0Paiva; do secret\u00e1rio de Governo e de Rela\u00e7\u00f5es Institucionais, Gilberto \u00a0Kassab; do chefe da Casa Civil, Arthur Lima; do presidente da \u00a0Assembleia Legislativa de S\u00e3o Paulo (Alesp), deputado Andr\u00e9 do Prado.<\/p>\n<p>\u00a0<\/p>\n<p>Representando Praia Grande estiveram o secret\u00e1rio de Sa\u00fade P\u00fablica, \u00a0Isa\u00edas Lima, e a subsecret\u00e1ria de Aten\u00e7\u00e3o B\u00e1sica, Cec\u00edlia Saturnino. \u00a0Segundo Lima. O valor destinado ao Munic\u00edpio se soma aos investimentos \u00a0j\u00e1 realizados pela Administra\u00e7\u00e3o Municipal para garantir uma sa\u00fade de \u00a0qualidade aos cidad\u00e3os.<\/p>\n<p>\u00a0<\/p>\n<p>\u201cEsses recursos destinados pelo Governo do Estado e obtidos a partir \u00a0do trabalho do prefeito Alberto Mour\u00e3o enquanto deputado federal ser\u00e3o \u00a0important\u00edssimos para agilizarmos o atendimento da popula\u00e7\u00e3o, com \u00a0consultas, exames e procedimentos que v\u00e3o impulsionar ainda mais os \u00a0agendamentos que intensificamos recentemente. Entre abril e maio foram \u00a0mais de 110 mil marca\u00e7\u00f5es, oportunizando um tempo-resposta mais \u00a0precoce no diagn\u00f3stico e permitindo o in\u00edcio do tratamento o mais \u00a0r\u00e1pido poss\u00edvel. Estamos buscando cada vez mais recursos e adotando \u00a0medidas para qualificar a assist\u00eancia e melhorar a vida dos \u00a0praia-grandenses\u201d, disse.<\/p>\n<p>\u00a0<\/p>\n<p>110 mil \u2013 A Prefeitura de Praia Grande tem intensificado os \u00a0agendamentos de consultas de especialidades, exames e procedimentos, \u00a0ampliando a oferta e dinamizando a assist\u00eancia para a popula\u00e7\u00e3o. Entre \u00a0os meses de abril e maio foram realizados mais de 110 mil agendamentos \u00a0para os pacientes que aguardam atendimento na rede municipal de sa\u00fade.<\/p>\n<p>\u00a0<\/p>\n<p>Nessa A\u00e7\u00e3o Integrada constam encaminhamentos \u00e0 rede credenciada de \u00a0servi\u00e7os de sa\u00fade, que est\u00e3o sendo ampliados desde o come\u00e7o de abril, \u00a0al\u00e9m dos atendimentos na rede municipal e nos servi\u00e7os estaduais de \u00a0m\u00e9dia e alta complexidade. Os trabalhos est\u00e3o sendo conduzidos pela \u00a0Secretaria de Sa\u00fade P\u00fablica (Sesap), que tem realizados os \u00a0agendamentos via sistema e entrado em contato com a popula\u00e7\u00e3o para a \u00a0retirada das guias.<\/p>\n<p>\u00a0<\/p>\n<p>A medida \u00e9 poss\u00edvel gra\u00e7as aos investimentos que est\u00e3o sendo \u00a0implementados pela Prefeitura. O chefe do Executivo, Alberto Mour\u00e3o, \u00a0destinou recursos especialmente para agilizar o atendimento das \u00a0demandas da Sa\u00fade. Os meios est\u00e3o sendo aplicados de forma linear em \u00a0todas as consultas, exames e procedimentos, com o objetivo de \u00a0equalizar o m\u00e1ximo poss\u00edvel as demandas.<\/p>\n<p>\u00a0<\/p>\n<p>Para se ter uma ideia do volume de agendamentos, segundo a Sesap, \u00a0entre abril e maio s\u00e3o quase 73 mil relacionados a exames e \u00a0procedimentos, al\u00e9m de mais de 37 mil consultas com especialistas que \u00a0est\u00e3o agilizando o acompanhamento em sa\u00fade de milhares de mun\u00edcipes.<\/p>\n<\/p><\/div>\n<p><script async defer crossorigin=\"anonymous\" src=\"https:\/\/connect.facebook.net\/pt_BR\/sdk.js#xfbml=1&#038;version=v12.0&#038;appId=&#038;autoLogAppEvents=1\" nonce=\"ou0fI1lo\"><\/script><br \/>\n<br \/><br \/>\n<br \/>Fonte: <a href=\"https:\/\/www.bs9.com.br\/litoral\/praia-grandesp-obtem-junto-ao-estado-mais-r-5-milhoes-para-a-saude\/32708\/\">BS9<\/a><\/p>\n","protected":false},"excerpt":{"rendered":"<p>O Governo de S\u00e3o Paulo anunciou a libera\u00e7\u00e3o de mais de R$ 930 milh\u00f5es \u00a0para os 645 munic\u00edpios do Estado. A Cidade foi contemplada com R$ 5 \u00a0milh\u00f5es, que ser\u00e3o destinados para a realiza\u00e7\u00e3o de consultas, exames e \u00a0procedimentos, agilizando ainda mais o atendimento junto \u00e0 popula\u00e7\u00e3o. \u00a0 Os valores foram disponibilizados por meio de [&hellip;]<\/p>\n","protected":false},"author":5,"featured_media":27340,"comment_status":"open","ping_status":"open","sticky":false,"template":"","format":"standard","meta":{"_seopress_robots_primary_cat":"","_seopress_titles_title":"","_seopress_titles_desc":"","_seopress_robots_index":"","footnotes":""},"categories":[52],"tags":[],"class_list":["post-27339","post","type-post","status-publish","format-standard","has-post-thumbnail","hentry","category-santoseregiao"],"_links":{"self":[{"href":"https:\/\/mussicom.com\/noticias\/wp-json\/wp\/v2\/posts\/27339","targetHints":{"allow":["GET"]}}],"collection":[{"href":"https:\/\/mussicom.com\/noticias\/wp-json\/wp\/v2\/posts"}],"about":[{"href":"https:\/\/mussicom.com\/noticias\/wp-json\/wp\/v2\/types\/post"}],"author":[{"embeddable":true,"href":"https:\/\/mussicom.com\/noticias\/wp-json\/wp\/v2\/users\/5"}],"replies":[{"embeddable":true,"href":"https:\/\/mussicom.com\/noticias\/wp-json\/wp\/v2\/comments?post=27339"}],"version-history":[{"count":0,"href":"https:\/\/mussicom.com\/noticias\/wp-json\/wp\/v2\/posts\/27339\/revisions"}],"wp:featuredmedia":[{"embeddable":true,"href":"https:\/\/mussicom.com\/noticias\/wp-json\/wp\/v2\/media\/27340"}],"wp:attachment":[{"href":"https:\/\/mussicom.com\/noticias\/wp-json\/wp\/v2\/media?parent=27339"}],"wp:term":[{"taxonomy":"category","embeddable":true,"href":"https:\/\/mussicom.com\/noticias\/wp-json\/wp\/v2\/categories?post=27339"},{"taxonomy":"post_tag","embeddable":true,"href":"https:\/\/mussicom.com\/noticias\/wp-json\/wp\/v2\/tags?post=27339"}],"curies":[{"name":"wp","href":"https:\/\/api.w.org\/{rel}","templated":true}]}}