{"id":27299,"date":"2025-06-22T19:37:10","date_gmt":"2025-06-22T22:37:10","guid":{"rendered":"https:\/\/mussicom.com\/fundo-social-de-bertioga-faz-acoes-em-boraceia\/"},"modified":"2025-06-22T19:37:10","modified_gmt":"2025-06-22T22:37:10","slug":"fundo-social-de-bertioga-faz-acoes-em-boraceia","status":"publish","type":"post","link":"https:\/\/mussicom.com\/noticias\/fundo-social-de-bertioga-faz-acoes-em-boraceia\/","title":{"rendered":"Fundo Social de Bertioga faz a\u00e7\u00f5es em Boraceia"},"content":{"rendered":"<p> <br \/>\n<\/p>\n<div id=\"texto\">\n<p>O Fundo Social de Solidariedade de Bertioga deu in\u00edcio \u00e0s a\u00e7\u00f5es da Campanha do Agasalho 2025 no bairro de Boraceia. A iniciativa come\u00e7ou com a distribui\u00e7\u00e3o de roupas de frio, cal\u00e7ados e mantas, destinadas \u00e0s fam\u00edlias em situa\u00e7\u00e3o de vulnerabilidade social.<\/p>\n<p>\u00a0<\/p>\n<p>A a\u00e7\u00e3o marca o in\u00edcio das entregas da campanha no munic\u00edpio, cujo tema este ano \u00e9 &#8220;Aque\u00e7a Cora\u00e7\u00f5es&#8221;, e tem como objetivo garantir um inverno mais acolhedor e seguro para quem mais precisa. As pe\u00e7as distribu\u00eddas s\u00e3o resultado das doa\u00e7\u00f5es arrecadadas junto \u00e0 comunidade, com apoio de parceiros p\u00fablicos e privados.<\/p>\n<p>\u00a0<\/p>\n<p>&#8220;Vamos levar tudo o que pudermos para aquecer essas fam\u00edlias, com solidariedade e dignidade. \u00c9 bonito ver como a popula\u00e7\u00e3o de Bertioga se mobiliza por uma causa t\u00e3o importante e agora a gente faz um apelo, para que as pessoas doem mais pe\u00e7as masculinas e infantil&#8221;, destacou a presidente do Fundo Social e primeira-dama, Adriana Vilares.<\/p>\n<p>\u00a0<\/p>\n<p>A Campanha do Agasalho segue com arrecada\u00e7\u00e3o de roupas, cal\u00e7ados e cobertores em bom estado em diversos pontos da cidade. Moradores tamb\u00e9m podem participar tornando-se pontos de coleta solid\u00e1rios.<\/p>\n<p>\u00a0<\/p>\n<p>A programa\u00e7\u00e3o de entrega continua nas pr\u00f3ximas semanas, contemplando outros bairros com base em crit\u00e9rios de vulnerabilidade.<\/p>\n<p>\u00a0<\/p>\n<p>Para mais informa\u00e7\u00f5es sobre como doar os interessados podem entrar em contato pelos canais oficiais do Fundo Social de Bertioga.<\/p>\n<\/p><\/div>\n<p><script async defer crossorigin=\"anonymous\" src=\"https:\/\/connect.facebook.net\/pt_BR\/sdk.js#xfbml=1&#038;version=v12.0&#038;appId=&#038;autoLogAppEvents=1\" nonce=\"ou0fI1lo\"><\/script><br \/>\n<br \/><br \/>\n<br \/>Fonte: <a href=\"https:\/\/www.bs9.com.br\/litoral\/fundo-social-de-bertioga-faz-acoes-em-boraceia\/32696\/\">BS9<\/a><\/p>\n","protected":false},"excerpt":{"rendered":"<p>O Fundo Social de Solidariedade de Bertioga deu in\u00edcio \u00e0s a\u00e7\u00f5es da Campanha do Agasalho 2025 no bairro de Boraceia. A iniciativa come\u00e7ou com a distribui\u00e7\u00e3o de roupas de frio, cal\u00e7ados e mantas, destinadas \u00e0s fam\u00edlias em situa\u00e7\u00e3o de vulnerabilidade social. \u00a0 A a\u00e7\u00e3o marca o in\u00edcio das entregas da campanha no munic\u00edpio, cujo tema [&hellip;]<\/p>\n","protected":false},"author":5,"featured_media":27300,"comment_status":"open","ping_status":"open","sticky":false,"template":"","format":"standard","meta":{"_seopress_robots_primary_cat":"","_seopress_titles_title":"","_seopress_titles_desc":"","_seopress_robots_index":"","footnotes":""},"categories":[52],"tags":[],"class_list":["post-27299","post","type-post","status-publish","format-standard","has-post-thumbnail","hentry","category-santoseregiao"],"_links":{"self":[{"href":"https:\/\/mussicom.com\/noticias\/wp-json\/wp\/v2\/posts\/27299","targetHints":{"allow":["GET"]}}],"collection":[{"href":"https:\/\/mussicom.com\/noticias\/wp-json\/wp\/v2\/posts"}],"about":[{"href":"https:\/\/mussicom.com\/noticias\/wp-json\/wp\/v2\/types\/post"}],"author":[{"embeddable":true,"href":"https:\/\/mussicom.com\/noticias\/wp-json\/wp\/v2\/users\/5"}],"replies":[{"embeddable":true,"href":"https:\/\/mussicom.com\/noticias\/wp-json\/wp\/v2\/comments?post=27299"}],"version-history":[{"count":0,"href":"https:\/\/mussicom.com\/noticias\/wp-json\/wp\/v2\/posts\/27299\/revisions"}],"wp:featuredmedia":[{"embeddable":true,"href":"https:\/\/mussicom.com\/noticias\/wp-json\/wp\/v2\/media\/27300"}],"wp:attachment":[{"href":"https:\/\/mussicom.com\/noticias\/wp-json\/wp\/v2\/media?parent=27299"}],"wp:term":[{"taxonomy":"category","embeddable":true,"href":"https:\/\/mussicom.com\/noticias\/wp-json\/wp\/v2\/categories?post=27299"},{"taxonomy":"post_tag","embeddable":true,"href":"https:\/\/mussicom.com\/noticias\/wp-json\/wp\/v2\/tags?post=27299"}],"curies":[{"name":"wp","href":"https:\/\/api.w.org\/{rel}","templated":true}]}}