{"id":27269,"date":"2025-06-22T12:21:04","date_gmt":"2025-06-22T15:21:04","guid":{"rendered":"https:\/\/mussicom.com\/dias-perfeitos-de-raphael-montes-ganha-data-de-estreia-no-globoplay\/"},"modified":"2025-06-22T12:21:04","modified_gmt":"2025-06-22T15:21:04","slug":"dias-perfeitos-de-raphael-montes-ganha-data-de-estreia-no-globoplay","status":"publish","type":"post","link":"https:\/\/mussicom.com\/noticias\/dias-perfeitos-de-raphael-montes-ganha-data-de-estreia-no-globoplay\/","title":{"rendered":"Dias Perfeitos, de Raphael Montes, ganha data de estreia no Globoplay"},"content":{"rendered":"<p> <br \/>\n<\/p>\n<div>\n<p>Ap\u00f3s os sucessos de <em>Bom Dia, Ver\u00f4nica<\/em> (2020-2024), <em>Uma Fam\u00edlia Feliz<\/em> (2024) e a novela <em>Beleza Fatal<\/em> (2025), <strong>Raphael Montes<\/strong> ganha as telas novamente com a adapta\u00e7\u00e3o de mais uma de suas obras:\u00a0<strong><em>Dias Perfeitos<\/em><\/strong>, que ganhou data de estreia durante o painel Sess\u00e3o Especial Globoplay, realizado no \u00faltimo s\u00e1bado (21) na Bienal do Livro do Rio.<\/p>\n<h4><strong>Qual \u00e9 a hist\u00f3ria de\u00a0<em>Dias Perfeitos<\/em>?<\/strong><\/h4>\n<p>Baseada no livro hom\u00f4nimo do autor carioca, <strong><em>Dias Perfeitos<\/em><\/strong> narra a hist\u00f3ria de <strong>T\u00e9o<\/strong> (<strong>Jaffar Bambirra<\/strong>, <em>Ricos de Amor<\/em>), um solit\u00e1rio estudante de medicina, que conhece e se torna obcecado pela aspirante a roteirista <strong>Clarice<\/strong> (<strong>Julia Dalavia<\/strong>, <em>Os Dias Eram Assim<\/em>) e, insistentemente, corre atr\u00e1s da garota.<\/p>\n<p>Diante das in\u00fameras negativas, ele a sequestra e a leva em uma viagem de carro pelo Rio de Janeiro, obrigando-a a escrever o roteiro de seus sonhos enquanto luta contra o desespero da situa\u00e7\u00e3o perturbadora em que foi colocada.<\/p>\n<h4><strong>Quando estreia\u00a0<em>Dias Perfeitos<\/em>?<\/strong><\/h4>\n<p><strong><em>Dias Perfeitos<\/em><\/strong>, que ir\u00e1 ganhar uma trama in\u00e9dita p\u00f3s-livro em seu \u00faltimo epis\u00f3dio, <strong>estreia em 14 de agosto<\/strong> no Globoplay. Assista \u00e0 primeira pr\u00e9via da novidade a seguir:<\/p>\n<p><strong>FONTE:<\/strong>Gshow<\/p>\n<p><strong>LEIA TAMB\u00c9M:<\/strong>Onde assistir aos 12 melhores filmes brasileiros de 2025, segundo a Rolling Stone Brasil?<\/p>\n<blockquote class=\"amdb-polls\" contenteditable=\"false\" data-sid=\"\/polls\/14\/embed\/\">\n<p>Qual foi o melhor filme de 2025 at\u00e9 agora? Vote no seu favorito!<\/p>\n<ul>\n<li>Baby<\/li>\n<li>Anora<\/li>\n<li>Conclave<\/li>\n<li>Acompanhante Perfeita<\/li>\n<li>Capit\u00e3o Am\u00e9rica: Admir\u00e1vel Mundo Novo<\/li>\n<li>Flow<\/li>\n<li>O Brutalista<\/li>\n<li>Um Completo Desconhecido<\/li>\n<li>Mickey 17<\/li>\n<li>Vit\u00f3ria<\/li>\n<li>Pecadores<\/li>\n<li>Thunderbolts*<\/li>\n<li>Homem com H<\/li>\n<li>Karat\u00ea Kid: Lendas<\/li>\n<li>Premoni\u00e7\u00e3o 6: La\u00e7os de Sangue<\/li>\n<li>Lilo &amp; Stitch<\/li>\n<li>Miss\u00e3o: Imposs\u00edvel &#8211; O Acerto Final<\/li>\n<li>Bailarina: Do Universo de John Wick<\/li>\n<li>Exterm\u00ednio: A Evolu\u00e7\u00e3o<\/li>\n<li>Elio<\/li>\n<\/ul>\n<\/blockquote>\n<\/div>\n<p><br \/>\n<br \/>Fonte: <a href=\"https:\/\/rollingstone.com.br\/entretenimento\/dias-perfeitos-de-raphael-montes-ganha-data-de-estreia-no-globoplay\/\">rollingstone.com.br<\/a><\/p>\n","protected":false},"excerpt":{"rendered":"<p>Ap\u00f3s os sucessos de Bom Dia, Ver\u00f4nica (2020-2024), Uma Fam\u00edlia Feliz (2024) e a novela Beleza Fatal (2025), Raphael Montes ganha as telas novamente com a adapta\u00e7\u00e3o de mais uma de suas obras:\u00a0Dias Perfeitos, que ganhou data de estreia durante o painel Sess\u00e3o Especial Globoplay, realizado no \u00faltimo s\u00e1bado (21) na Bienal do Livro do [&hellip;]<\/p>\n","protected":false},"author":5,"featured_media":27270,"comment_status":"open","ping_status":"open","sticky":false,"template":"","format":"standard","meta":{"_seopress_robots_primary_cat":"","_seopress_titles_title":"","_seopress_titles_desc":"","_seopress_robots_index":"","footnotes":""},"categories":[51],"tags":[],"class_list":["post-27269","post","type-post","status-publish","format-standard","has-post-thumbnail","hentry","category-musica"],"_links":{"self":[{"href":"https:\/\/mussicom.com\/noticias\/wp-json\/wp\/v2\/posts\/27269","targetHints":{"allow":["GET"]}}],"collection":[{"href":"https:\/\/mussicom.com\/noticias\/wp-json\/wp\/v2\/posts"}],"about":[{"href":"https:\/\/mussicom.com\/noticias\/wp-json\/wp\/v2\/types\/post"}],"author":[{"embeddable":true,"href":"https:\/\/mussicom.com\/noticias\/wp-json\/wp\/v2\/users\/5"}],"replies":[{"embeddable":true,"href":"https:\/\/mussicom.com\/noticias\/wp-json\/wp\/v2\/comments?post=27269"}],"version-history":[{"count":0,"href":"https:\/\/mussicom.com\/noticias\/wp-json\/wp\/v2\/posts\/27269\/revisions"}],"wp:featuredmedia":[{"embeddable":true,"href":"https:\/\/mussicom.com\/noticias\/wp-json\/wp\/v2\/media\/27270"}],"wp:attachment":[{"href":"https:\/\/mussicom.com\/noticias\/wp-json\/wp\/v2\/media?parent=27269"}],"wp:term":[{"taxonomy":"category","embeddable":true,"href":"https:\/\/mussicom.com\/noticias\/wp-json\/wp\/v2\/categories?post=27269"},{"taxonomy":"post_tag","embeddable":true,"href":"https:\/\/mussicom.com\/noticias\/wp-json\/wp\/v2\/tags?post=27269"}],"curies":[{"name":"wp","href":"https:\/\/api.w.org\/{rel}","templated":true}]}}