{"id":27185,"date":"2025-06-21T06:56:04","date_gmt":"2025-06-21T09:56:04","guid":{"rendered":"https:\/\/mussicom.com\/guaruja-abre-inscricoes-para-capacitacao-de-taxistas-e-motoristas-de-aplicativos\/"},"modified":"2025-06-21T06:56:04","modified_gmt":"2025-06-21T09:56:04","slug":"guaruja-abre-inscricoes-para-capacitacao-de-taxistas-e-motoristas-de-aplicativos","status":"publish","type":"post","link":"https:\/\/mussicom.com\/noticias\/guaruja-abre-inscricoes-para-capacitacao-de-taxistas-e-motoristas-de-aplicativos\/","title":{"rendered":"Guaruj\u00e1 abre inscri\u00e7\u00f5es para capacita\u00e7\u00e3o de taxistas e motoristas de aplicativos"},"content":{"rendered":"<p> <br \/>\n<\/p>\n<div id=\"texto\">\n<p>A Prefeitura de Guaruj\u00e1 deu in\u00edcio \u00e0s inscri\u00e7\u00f5es para o programa Capacita TUR \u2013 Capacita\u00e7\u00e3o de Condutores. A iniciativa \u00e9 destinada a taxistas e motoristas de aplicativos que atuam no Munic\u00edpio, com o objetivo de aprimorar o atendimento aos visitantes e proporcionar uma experi\u00eancia tur\u00edstica de excel\u00eancia.<\/p>\n<p>\u00a0<\/p>\n<p>O curso, conduzido pela Secretaria Municipal de Turismo, ser\u00e1 realizado no dia 16 de julho, das 12 \u00e0s 18 horas, na sede da Associa\u00e7\u00e3o Comercial e Empresarial de Guaruj\u00e1 (ACEG), localizada na Rua Arthur Costa Filho, 645, Vila Maia. Com uma carga hor\u00e1ria de seis horas, a forma\u00e7\u00e3o abordar\u00e1 pr\u00e1ticas e conhecimentos para elevar a qualidade do turismo local.<\/p>\n<p>\u00a0<\/p>\n<p>Os participantes ter\u00e3o acesso a temas fundamentais, como: turismo e hospitalidade; atendimento humanizado e relacionamento interpessoal; principais atrativos tur\u00edsticos da Cidade; no\u00e7\u00f5es b\u00e1sicas de ingl\u00eas aplicado ao atendimento; seguran\u00e7a; mobilidade urbana e primeiros socorros.<\/p>\n<p>\u00a0<\/p>\n<p><strong>Certifica\u00e7\u00e3o<\/strong><\/p>\n<p>Ao t\u00e9rmino do curso, ser\u00e1 entregue um certificado de participa\u00e7\u00e3o emitido pela Secretaria de Turismo e entidades parceiras, al\u00e9m do Selo &#8220;Condutor Amigo do Turista&#8221;, que reconhece a excel\u00eancia no atendimento ao p\u00fablico.<\/p>\n<p>\u00a0<\/p>\n<p><strong>Inscri\u00e7\u00f5es<\/strong><\/p>\n<p>Os interessados devem realizar a inscri\u00e7\u00e3o de forma online, na plataforma Google Forms, no link https:\/\/forms.gle\/7bhZzziJkDQZ4ZNe8. O formul\u00e1rio ficar\u00e1 dispon\u00edvel at\u00e9 11 de julho. As vagas s\u00e3o limitadas a 30 condutores, e novas turmas ser\u00e3o abertas conforme a demanda.<\/p>\n<\/p><\/div>\n<p><script async defer crossorigin=\"anonymous\" src=\"https:\/\/connect.facebook.net\/pt_BR\/sdk.js#xfbml=1&#038;version=v12.0&#038;appId=&#038;autoLogAppEvents=1\" nonce=\"ou0fI1lo\"><\/script><br \/>\n<br \/><br \/>\n<br \/>Fonte: <a href=\"https:\/\/www.bs9.com.br\/litoral\/guaruja-abre-inscricoes-para-capacitacao-de-taxistas-e-motoristas-de\/32647\/\">BS9<\/a><\/p>\n","protected":false},"excerpt":{"rendered":"<p>A Prefeitura de Guaruj\u00e1 deu in\u00edcio \u00e0s inscri\u00e7\u00f5es para o programa Capacita TUR \u2013 Capacita\u00e7\u00e3o de Condutores. A iniciativa \u00e9 destinada a taxistas e motoristas de aplicativos que atuam no Munic\u00edpio, com o objetivo de aprimorar o atendimento aos visitantes e proporcionar uma experi\u00eancia tur\u00edstica de excel\u00eancia. \u00a0 O curso, conduzido pela Secretaria Municipal de [&hellip;]<\/p>\n","protected":false},"author":5,"featured_media":27186,"comment_status":"open","ping_status":"open","sticky":false,"template":"","format":"standard","meta":{"_seopress_robots_primary_cat":"","_seopress_titles_title":"","_seopress_titles_desc":"","_seopress_robots_index":"","footnotes":""},"categories":[52],"tags":[],"class_list":["post-27185","post","type-post","status-publish","format-standard","has-post-thumbnail","hentry","category-santoseregiao"],"_links":{"self":[{"href":"https:\/\/mussicom.com\/noticias\/wp-json\/wp\/v2\/posts\/27185","targetHints":{"allow":["GET"]}}],"collection":[{"href":"https:\/\/mussicom.com\/noticias\/wp-json\/wp\/v2\/posts"}],"about":[{"href":"https:\/\/mussicom.com\/noticias\/wp-json\/wp\/v2\/types\/post"}],"author":[{"embeddable":true,"href":"https:\/\/mussicom.com\/noticias\/wp-json\/wp\/v2\/users\/5"}],"replies":[{"embeddable":true,"href":"https:\/\/mussicom.com\/noticias\/wp-json\/wp\/v2\/comments?post=27185"}],"version-history":[{"count":0,"href":"https:\/\/mussicom.com\/noticias\/wp-json\/wp\/v2\/posts\/27185\/revisions"}],"wp:featuredmedia":[{"embeddable":true,"href":"https:\/\/mussicom.com\/noticias\/wp-json\/wp\/v2\/media\/27186"}],"wp:attachment":[{"href":"https:\/\/mussicom.com\/noticias\/wp-json\/wp\/v2\/media?parent=27185"}],"wp:term":[{"taxonomy":"category","embeddable":true,"href":"https:\/\/mussicom.com\/noticias\/wp-json\/wp\/v2\/categories?post=27185"},{"taxonomy":"post_tag","embeddable":true,"href":"https:\/\/mussicom.com\/noticias\/wp-json\/wp\/v2\/tags?post=27185"}],"curies":[{"name":"wp","href":"https:\/\/api.w.org\/{rel}","templated":true}]}}