{"id":26958,"date":"2025-06-19T07:58:04","date_gmt":"2025-06-19T10:58:04","guid":{"rendered":"https:\/\/mussicom.com\/confira-as-musicas-do-aniversariante-mais-ouvidas-na-deezer\/"},"modified":"2025-06-19T07:58:04","modified_gmt":"2025-06-19T10:58:04","slug":"confira-as-musicas-do-aniversariante-mais-ouvidas-na-deezer","status":"publish","type":"post","link":"https:\/\/mussicom.com\/noticias\/confira-as-musicas-do-aniversariante-mais-ouvidas-na-deezer\/","title":{"rendered":"Confira as m\u00fasicas do aniversariante mais ouvidas na Deezer"},"content":{"rendered":"<p> <br \/>\n<\/p>\n<div>\n<p>Nesta quinta-feira, 19 de junho, \u00e9 celebrado Corpus Christi. Na tradi\u00e7\u00e3o cat\u00f3lica, a data acontece sempre 60 dias ap\u00f3s o domingo de P\u00e1scoa ou na quinta-feira seguinte ao domingo da Sant\u00edssima Trindade e \u00e9 considerada o dia no qual Jesus Cristo instituiu o sacramento da eucaristia.<\/p>\n<p>Mas essa n\u00e3o \u00e9 a \u00fanica celebra\u00e7\u00e3o do dia. Tamb\u00e9m nesta quinta-feira, <strong>Chico Buarque<\/strong>, um dos maiores nomes da m\u00fasica brasileira, completa 81 anos. Nascido no dia 19 de junho de 1944, <strong>Francisco Buarque de Hollanda<\/strong> se aventurou no mundo das artes ainda na adolesc\u00eancia. Em 1966, ele estreou com o disco hom\u00f4nimo. Depois, vieram sucessos como <em><strong>Constru\u00e7\u00e3o<\/strong><\/em> (1971) \u2014 eleito o terceiro maior disco nacional de todos os tempos pela <em><strong>Rolling Stone Brasil<\/strong><\/em> \u2014 <em><strong>Almanaque<\/strong><\/em> (1981) e <em><strong>Caravanas<\/strong><\/em> (2017), entre muitos outros.<\/p>\n<p>Para entrar no esp\u00edrito e celebrar o anivers\u00e1rio de Chico Buarque, conhe\u00e7a as 10 m\u00fasicas do artista mais ouvidas na plataforma de streaming Deezer.<\/p>\n<hr\/>\n<h3>10. O Meu Guri<\/h3>\n<p><iframe frameborder=\"0\" height=\"300\" loading=\"lazy\" src=\"https:\/\/widget.deezer.com\/widget\/dark\/track\/4679629\" title=\"deezer-widget\" width=\"100%\"><\/iframe><\/p>\n<h3>9. Geni E O Zepelim<\/h3>\n<p><iframe frameborder=\"0\" height=\"300\" loading=\"lazy\" src=\"https:\/\/widget.deezer.com\/widget\/dark\/track\/140345657\" title=\"deezer-widget\" width=\"100%\"><\/iframe><\/p>\n<h3>8. Roda Viva<\/h3>\n<p><iframe frameborder=\"0\" height=\"300\" loading=\"lazy\" src=\"https:\/\/widget.deezer.com\/widget\/dark\/track\/2286094\" title=\"deezer-widget\" width=\"100%\"><\/iframe><\/p>\n<h3>7. A Banda<\/h3>\n<p><iframe frameborder=\"0\" height=\"300\" loading=\"lazy\" src=\"https:\/\/widget.deezer.com\/widget\/dark\/track\/11059194\" title=\"deezer-widget\" width=\"100%\"><\/iframe><\/p>\n<h3>6. O Que Ser\u00e1 (A Flor Da Terra)<\/h3>\n<p><iframe frameborder=\"0\" height=\"300\" loading=\"lazy\" src=\"https:\/\/widget.deezer.com\/widget\/dark\/track\/2444508\" title=\"deezer-widget\" width=\"100%\"><\/iframe><\/p>\n<h3>5. C\u00e1lice<\/h3>\n<p><iframe frameborder=\"0\" height=\"300\" loading=\"lazy\" src=\"https:\/\/widget.deezer.com\/widget\/dark\/track\/4676535\" title=\"deezer-widget\" width=\"100%\"><\/iframe><\/p>\n<h3>4. Cotidiano<\/h3>\n<p><iframe frameborder=\"0\" height=\"300\" loading=\"lazy\" src=\"https:\/\/widget.deezer.com\/widget\/dark\/track\/2237166\" title=\"deezer-widget\" width=\"100%\"><\/iframe><\/p>\n<h3>3. Jo\u00e3o E Maria<\/h3>\n<p><iframe frameborder=\"0\" height=\"300\" loading=\"lazy\" src=\"https:\/\/widget.deezer.com\/widget\/dark\/track\/140345777\" title=\"deezer-widget\" width=\"100%\"><\/iframe><\/p>\n<h3>2. Apesar De Voc\u00ea<\/h3>\n<p><iframe frameborder=\"0\" height=\"300\" loading=\"lazy\" src=\"https:\/\/widget.deezer.com\/widget\/dark\/track\/4676544\" title=\"deezer-widget\" width=\"100%\"><\/iframe><\/p>\n<h3>1. Constru\u00e7\u00e3o<\/h3>\n<p><iframe frameborder=\"0\" height=\"300\" loading=\"lazy\" src=\"https:\/\/widget.deezer.com\/widget\/dark\/track\/2237170\" title=\"deezer-widget\" width=\"100%\"><\/iframe><\/p>\n<p><strong>+++LEIA MAIS: Chico Buarque: &#8216;Nem acredito que v\u00e1 ficar velho um dia&#8217;; relembre a entrevista do cantor \u00e0 Rolling Stone<\/strong><\/p>\n<\/div>\n<p><br \/>\n<br \/>Fonte: <a href=\"https:\/\/rollingstone.com.br\/musica\/chico-buarque-confira-as-musicas-do-aniversariante-mais-ouvidas-na-deezer\/\">rollingstone.com.br<\/a><\/p>\n","protected":false},"excerpt":{"rendered":"<p>Nesta quinta-feira, 19 de junho, \u00e9 celebrado Corpus Christi. Na tradi\u00e7\u00e3o cat\u00f3lica, a data acontece sempre 60 dias ap\u00f3s o domingo de P\u00e1scoa ou na quinta-feira seguinte ao domingo da Sant\u00edssima Trindade e \u00e9 considerada o dia no qual Jesus Cristo instituiu o sacramento da eucaristia. Mas essa n\u00e3o \u00e9 a \u00fanica celebra\u00e7\u00e3o do dia. [&hellip;]<\/p>\n","protected":false},"author":5,"featured_media":26959,"comment_status":"open","ping_status":"open","sticky":false,"template":"","format":"standard","meta":{"_seopress_robots_primary_cat":"","_seopress_titles_title":"","_seopress_titles_desc":"","_seopress_robots_index":"","footnotes":""},"categories":[51],"tags":[],"class_list":["post-26958","post","type-post","status-publish","format-standard","has-post-thumbnail","hentry","category-musica"],"_links":{"self":[{"href":"https:\/\/mussicom.com\/noticias\/wp-json\/wp\/v2\/posts\/26958","targetHints":{"allow":["GET"]}}],"collection":[{"href":"https:\/\/mussicom.com\/noticias\/wp-json\/wp\/v2\/posts"}],"about":[{"href":"https:\/\/mussicom.com\/noticias\/wp-json\/wp\/v2\/types\/post"}],"author":[{"embeddable":true,"href":"https:\/\/mussicom.com\/noticias\/wp-json\/wp\/v2\/users\/5"}],"replies":[{"embeddable":true,"href":"https:\/\/mussicom.com\/noticias\/wp-json\/wp\/v2\/comments?post=26958"}],"version-history":[{"count":0,"href":"https:\/\/mussicom.com\/noticias\/wp-json\/wp\/v2\/posts\/26958\/revisions"}],"wp:featuredmedia":[{"embeddable":true,"href":"https:\/\/mussicom.com\/noticias\/wp-json\/wp\/v2\/media\/26959"}],"wp:attachment":[{"href":"https:\/\/mussicom.com\/noticias\/wp-json\/wp\/v2\/media?parent=26958"}],"wp:term":[{"taxonomy":"category","embeddable":true,"href":"https:\/\/mussicom.com\/noticias\/wp-json\/wp\/v2\/categories?post=26958"},{"taxonomy":"post_tag","embeddable":true,"href":"https:\/\/mussicom.com\/noticias\/wp-json\/wp\/v2\/tags?post=26958"}],"curies":[{"name":"wp","href":"https:\/\/api.w.org\/{rel}","templated":true}]}}