{"id":26786,"date":"2025-06-17T22:25:20","date_gmt":"2025-06-18T01:25:20","guid":{"rendered":"https:\/\/mussicom.com\/brasil-e-escolhido-como-sede-dos-pans-de-ginastica-artistica-e-ritmica\/"},"modified":"2025-06-17T22:25:20","modified_gmt":"2025-06-18T01:25:20","slug":"brasil-e-escolhido-como-sede-dos-pans-de-ginastica-artistica-e-ritmica","status":"publish","type":"post","link":"https:\/\/mussicom.com\/noticias\/brasil-e-escolhido-como-sede-dos-pans-de-ginastica-artistica-e-ritmica\/","title":{"rendered":"Brasil \u00e9 escolhido como sede dos Pans de Gin\u00e1stica Art\u00edstica e R\u00edtmica"},"content":{"rendered":"<p> <br \/>\n<\/p>\n<div>\n<p>O Brasil ser\u00e1 a sede da pr\u00f3xima edi\u00e7\u00e3o dos Campeonatos Pan-Americanos Adulto e Juvenil de Gin\u00e1stica Art\u00edstica e de Gin\u00e1stica R\u00edtmica, que ser\u00e3o disputados em 2026. A decis\u00e3o foi tomada durante assembleia geral ordin\u00e1ria da Uni\u00e3o Pan-Americana de Gin\u00e1stica (UPAG), que chegou ao final na \u00faltima segunda-feira (16).<img decoding=\"async\" src=\"https:\/\/agenciabrasil.ebc.com.br\/ebc.gif?id=1647452&amp;o=node\" style=\"width:1px; height:1px; display:inline;\"\/><\/p>\n<p>\u201cFaz parte do planejamento estrat\u00e9gico da Confedera\u00e7\u00e3o o objetivo de manter o Brasil como pot\u00eancia nas competi\u00e7\u00f5es e como promotor de grandes eventos. Queremos que nosso esporte conquiste um espa\u00e7o cada vez maior no cora\u00e7\u00e3o das brasileiras e dos brasileiros. Para tanto, nada melhor do que trazer para c\u00e1 competi\u00e7\u00f5es importantes, de forma a criar condi\u00e7\u00f5es para que nosso p\u00fablico se habitue a ver os grandes talentos do nosso continente e do planeta\u201d, declarou o presidente da Confedera\u00e7\u00e3o Brasileira de Gin\u00e1stica (CBG), Henrique Motta.<\/p>\n<p>Os Campeonatos Pan-Americanos Adulto e Juvenil de Gin\u00e1stica Art\u00edstica e de Gin\u00e1stica R\u00edtmica s\u00e3o mais um grande evento da modalidade que ser\u00e1 sediado no Brasil, pois em agosto de 2025 a cidade do Rio de Janeiro receber\u00e1 o Mundial.<\/p>\n<p>E a Cidade Maravilhosa j\u00e1 come\u00e7ou a entrar no clima da competi\u00e7\u00e3o, pois, no \u00faltimo final de semana, foi realizado o Campeonato Brasileiro da modalidade, que serviu como evento teste para o Mundial.<\/p>\n<blockquote class=\"twitter-tweet\">\n<p dir=\"ltr\" lang=\"pt\" xml:lang=\"pt\">A CAMPE\u00c3 BRASILEIRA \u00e9 a cara do Brasil! \ud83d\udc99\ud83d\udc9a\ud83d\udc9b<\/p>\n<p>A atleta ol\u00edmpica B\u00e1rbara Domingos encantou o p\u00fablico ao som de Garota de Ipanema, em uma apresenta\u00e7\u00e3o cheia de brasilidade no aparelho ma\u00e7as. Com uma s\u00e9rie marcada por tons de samba, a Babi mostrou mais uma vez sua for\u00e7a e talento\u2026 <a href=\"https:\/\/t.co\/P5lWnBQzuP\">pic.twitter.com\/P5lWnBQzuP<\/a><\/p>\n<p>\u2014 Confedera\u00e7\u00e3o Brasileira de Gin\u00e1stica (@cbginastica) <a href=\"https:\/\/twitter.com\/cbginastica\/status\/1934027282374406334?ref_src=twsrc%5Etfw\">June 14, 2025<\/a><\/p><\/blockquote>\n<p>Um dos destaques do Brasileiro, que foi realizado na Arena Carioca 1, na Barra da Tijuca, foi a finalista ol\u00edmpica B\u00e1rbara Domingos, que garantiu o t\u00edtulo do individual geral ao somar o total de 113.450 pontos. A prata ficou com Geovanna Santos da Silva (105.350 pontos), enquanto Ana Lu\u00edsa Neiva completou o p\u00f3dio (104.200 pontos).<\/p>\n<p>      <!-- Relacionada --><\/p>\n<p>            <!-- Relacionada -->\n    <\/div>\n<p><script async src=\"\/\/platform.twitter.com\/widgets.js\" charset=\"utf-8\"><\/script><br \/>\n<br \/><br \/>\n<br \/>Fonte: <a href=\"https:\/\/agenciabrasil.ebc.com.br\/esportes\/noticia\/2025-06\/brasil-e-escolhido-como-sede-dos-pans-de-ginastica-artistica-e-ritmica\">Ag\u00eancia Brasil<\/a><\/p>\n","protected":false},"excerpt":{"rendered":"<p>O Brasil ser\u00e1 a sede da pr\u00f3xima edi\u00e7\u00e3o dos Campeonatos Pan-Americanos Adulto e Juvenil de Gin\u00e1stica Art\u00edstica e de Gin\u00e1stica R\u00edtmica, que ser\u00e3o disputados em 2026. A decis\u00e3o foi tomada durante assembleia geral ordin\u00e1ria da Uni\u00e3o Pan-Americana de Gin\u00e1stica (UPAG), que chegou ao final na \u00faltima segunda-feira (16). \u201cFaz parte do planejamento estrat\u00e9gico da Confedera\u00e7\u00e3o [&hellip;]<\/p>\n","protected":false},"author":5,"featured_media":26787,"comment_status":"open","ping_status":"open","sticky":false,"template":"","format":"standard","meta":{"_seopress_robots_primary_cat":"","_seopress_titles_title":"","_seopress_titles_desc":"","_seopress_robots_index":"","footnotes":""},"categories":[40],"tags":[],"class_list":["post-26786","post","type-post","status-publish","format-standard","has-post-thumbnail","hentry","category-esportes"],"_links":{"self":[{"href":"https:\/\/mussicom.com\/noticias\/wp-json\/wp\/v2\/posts\/26786","targetHints":{"allow":["GET"]}}],"collection":[{"href":"https:\/\/mussicom.com\/noticias\/wp-json\/wp\/v2\/posts"}],"about":[{"href":"https:\/\/mussicom.com\/noticias\/wp-json\/wp\/v2\/types\/post"}],"author":[{"embeddable":true,"href":"https:\/\/mussicom.com\/noticias\/wp-json\/wp\/v2\/users\/5"}],"replies":[{"embeddable":true,"href":"https:\/\/mussicom.com\/noticias\/wp-json\/wp\/v2\/comments?post=26786"}],"version-history":[{"count":0,"href":"https:\/\/mussicom.com\/noticias\/wp-json\/wp\/v2\/posts\/26786\/revisions"}],"wp:featuredmedia":[{"embeddable":true,"href":"https:\/\/mussicom.com\/noticias\/wp-json\/wp\/v2\/media\/26787"}],"wp:attachment":[{"href":"https:\/\/mussicom.com\/noticias\/wp-json\/wp\/v2\/media?parent=26786"}],"wp:term":[{"taxonomy":"category","embeddable":true,"href":"https:\/\/mussicom.com\/noticias\/wp-json\/wp\/v2\/categories?post=26786"},{"taxonomy":"post_tag","embeddable":true,"href":"https:\/\/mussicom.com\/noticias\/wp-json\/wp\/v2\/tags?post=26786"}],"curies":[{"name":"wp","href":"https:\/\/api.w.org\/{rel}","templated":true}]}}