{"id":26731,"date":"2025-06-17T15:16:06","date_gmt":"2025-06-17T18:16:06","guid":{"rendered":"https:\/\/mussicom.com\/o-que-robert-downey-jr-disse-a-riri-williams-a-nova-homem-de-ferro\/"},"modified":"2025-06-17T15:16:06","modified_gmt":"2025-06-17T18:16:06","slug":"o-que-robert-downey-jr-disse-a-riri-williams-a-nova-homem-de-ferro","status":"publish","type":"post","link":"https:\/\/mussicom.com\/noticias\/o-que-robert-downey-jr-disse-a-riri-williams-a-nova-homem-de-ferro\/","title":{"rendered":"O que Robert Downey Jr. disse a Riri Williams, a &#8220;nova Homem de Ferro&#8221;?"},"content":{"rendered":"<p> <br \/>\n<\/p>\n<div>\n<p><strong>Dominique Thorne<\/strong> (<em>Se a Rua Beale Falasse&#8230;<\/em>), atriz que ir\u00e1 viver <strong>Riri Williams<\/strong>, a sucessora do\u00a0<strong>Homem de Ferro<\/strong>, na s\u00e9rie\u00a0<em><strong>Cora\u00e7\u00e3o de Ferro<\/strong><\/em><span>, foi surpreendida ao vivo ap\u00f3s receber mensagem carinhosa do ator <strong>Robert Downey Jr.<\/strong>, o Homem de Ferro original do MCU.<\/span><\/p>\n<p>A surpresa aconteceu durante o programada Good Morning America, no qual a int\u00e9rprete de Riri Williams participava ao lado de <strong>Anthony Ramos<\/strong>(<em>Transformers: O Despertar das Feras<\/em>).<\/p>\n<p>&#8220;V<em>oc\u00ea se importa se eu interromper a entrevista por um instante? Acho que temos uma mensagem muito especial. Acho que voc\u00ea vai reconhec\u00ea-lo<\/em>&#8220;, disse a apresentadora <strong>Robin Roberts<\/strong>, exibindo em seguida o v\u00eddeo de <strong>Downey Jr<\/strong>. Confira a seguir a declara\u00e7\u00e3o:<\/p>\n<p>&#8220;<em>Sra. Throne, eu n\u00e3o poderia estar mais feliz em v\u00ea-la dar vida a Riri Williams. Mas o Capuz [Ramos] me deixa nervoso. Ele tem um traje verde? Por favor, me diga que o Sr. Ramos n\u00e3o vai me substituir como Doutor Destino. H\u00e1 algo que eles n\u00e3o est\u00e3o me contando?<\/em>&#8220;, brincou Downey Jr. Em seguida, ele completou com: &#8220;<em>Homem de Ferro ama Cora\u00e7\u00e3o de Ferro.<\/em>&#8220;<\/p>\n<blockquote class=\"twitter-tweet\">\n<p dir=\"ltr\" lang=\"en\">Robert Downey Jr. sends a message to \u2018IRONHEART\u2019 stars Dominique Thorne and Anthony Ramos.<\/p>\n<p>\u201cIron Man loves Ironheart.\u201d<\/p>\n<p>(via <a href=\"https:\/\/twitter.com\/GMA?ref_src=twsrc%5Etfw\">@GMA<\/a>) <a href=\"https:\/\/t.co\/7bvUqdKwpp\">pic.twitter.com\/7bvUqdKwpp<\/a><\/p>\n<p>&#13;<br \/>\n\u2014 Cosmic Marvel (@cosmic_marvel) <a href=\"https:\/\/twitter.com\/cosmic_marvel\/status\/1934981245282504959?ref_src=twsrc%5Etfw\">June 17, 2025<\/a><\/p><\/blockquote>\n<h4><strong>Qual \u00e9 a hist\u00f3ria de <em>Cora\u00e7\u00e3o de Ferro<\/em>?<\/strong><\/h4>\n<p>Nos quadrinhos, <strong>Riri Williams<\/strong> \u00e9 uma estudante universit\u00e1ria de 15 anos que, mesmo sem ter todos os recursos e usando apenas pe\u00e7as que p\u00f4de encontrar na faculdade, construiu sua pr\u00f3pria armadura gigante, inspirada pelo <strong>Homem<\/strong><strong>de Ferro<\/strong>.<\/p>\n<p>Na s\u00e9rie do Disney+, ap\u00f3s lutar contra <strong>Namor<\/strong> (<strong>Tenoch Huerta Mej\u00eda<\/strong>) ao lado da <strong>Pantera Negra<\/strong> (<strong>Letitia Wright<\/strong>), <strong>Williams<\/strong> quer construir uma armadura ainda mais ic\u00f4nica do que a anterior e, para isso, acaba se envolvendo com um rapaz misterioso, mas disposto a ajud\u00e1-la.<\/p>\n<h4><strong>Quem est\u00e1 no elenco de\u00a0<em>Cora\u00e7\u00e3o de Ferro<\/em>?<\/strong><\/h4>\n<p>Al\u00e9m de <strong>Dominique Thorne<\/strong>, <em><strong>Cora\u00e7\u00e3o de Ferro<\/strong><\/em>conta com <strong>Anthony Ramos<\/strong>(<em>Transformers: O Despertar das Feras<\/em>), <strong>Lyric Ross<\/strong> (<em>This Is Us<\/em>), <strong>Harper Anthony<\/strong> (<em>City of Vultures<\/em>), <strong>Manny Montana<\/strong> (<em>Good Girls<\/em>), <strong>Alden Ehrenreich<\/strong> (<em>Han Solo: Uma Hist\u00f3ria Star Wars<\/em>), <strong>Zoe Terakes<\/strong> (<em>Wentworth &#8211; Por Tr\u00e1s das Grades<\/em>), <strong>Shakira Barrera<\/strong> (<em>GLOW<\/em>) e <strong>Jaren Merrell<\/strong>, mais conhecido por sua personalida drag, <strong>Shea Coule\u00e9<\/strong>, vencedora de\u00a0<strong><em>RuPaul&#8217;s Drag Race<\/em><\/strong>.<\/p>\n<h4><strong>Quando estreia\u00a0<em>Cora\u00e7\u00e3o de Ferro<\/em>?<\/strong><\/h4>\n<p>Com tr\u00eas epis\u00f3dios lan\u00e7ados na estreia,\u00a0<strong><em>Cora\u00e7\u00e3o de Ferro<\/em><\/strong> chega ao cat\u00e1logo do Disney+ a partir de\u00a0<strong>24 de junho de 2024<\/strong>. Assista ao primeiro trailer da novidade:<\/p>\n<p><iframe title=\"Cora\u00e7\u00e3o de Ferro | Trailer Oficial Legendado | Disney+\" width=\"800\" height=\"450\" src=\"https:\/\/www.youtube.com\/embed\/KKQHliB9vog?feature=oembed\" frameborder=\"0\" allow=\"accelerometer; autoplay; clipboard-write; encrypted-media; gyroscope; picture-in-picture; web-share\" referrerpolicy=\"strict-origin-when-cross-origin\" allowfullscreen><\/iframe><\/p>\n<p><strong>LEIA TAMB\u00c9M:<\/strong><em>Cora\u00e7\u00e3o de Ferro<\/em>, nova s\u00e9rie da Marvel, ganha primeiro trailer<\/p>\n<blockquote class=\"amdb-polls\" contenteditable=\"false\" data-sid=\"\/polls\/14\/embed\/\">\n<p>Qual foi o melhor filme de 2025 at\u00e9 agora? Vote no seu favorito!<\/p>\n<ul>\n<li>Baby<\/li>\n<li>Anora<\/li>\n<li>Conclave<\/li>\n<li>Acompanhante Perfeita<\/li>\n<li>Capit\u00e3o Am\u00e9rica: Admir\u00e1vel Mundo Novo<\/li>\n<li>Flow<\/li>\n<li>O Brutalista<\/li>\n<li>Um Completo Desconhecido<\/li>\n<li>Mickey 17<\/li>\n<li>Vit\u00f3ria<\/li>\n<li>Branca de Neve<\/li>\n<li>Um Filme Minecraft<\/li>\n<li>Pecadores<\/li>\n<li>Thunderbolts*<\/li>\n<li>Homem com H<\/li>\n<li>Karat\u00ea Kid: Lendas<\/li>\n<li>Premoni\u00e7\u00e3o 6: La\u00e7os de Sangue<\/li>\n<li>Lilo &amp; Stitch<\/li>\n<li>Miss\u00e3o: Imposs\u00edvel &#8211; O Acerto Final<\/li>\n<li>Bailarina: Do Universo de John Wick<\/li>\n<\/ul>\n<\/blockquote>\n<\/div>\n<p><script async src=\"\/\/platform.twitter.com\/widgets.js\" charset=\"utf-8\"><\/script><br \/>\n<br \/><br \/>\n<br \/>Fonte: <a href=\"https:\/\/rollingstone.com.br\/cinema\/o-que-robert-downey-jr-disse-a-riri-williams-a-nova-homem-de-ferro\/\">rollingstone.com.br<\/a><\/p>\n","protected":false},"excerpt":{"rendered":"<p>Dominique Thorne (Se a Rua Beale Falasse&#8230;), atriz que ir\u00e1 viver Riri Williams, a sucessora do\u00a0Homem de Ferro, na s\u00e9rie\u00a0Cora\u00e7\u00e3o de Ferro, foi surpreendida ao vivo ap\u00f3s receber mensagem carinhosa do ator Robert Downey Jr., o Homem de Ferro original do MCU. A surpresa aconteceu durante o programada Good Morning America, no qual a int\u00e9rprete [&hellip;]<\/p>\n","protected":false},"author":5,"featured_media":26732,"comment_status":"open","ping_status":"open","sticky":false,"template":"","format":"standard","meta":{"_seopress_robots_primary_cat":"","_seopress_titles_title":"","_seopress_titles_desc":"","_seopress_robots_index":"","footnotes":""},"categories":[51],"tags":[],"class_list":["post-26731","post","type-post","status-publish","format-standard","has-post-thumbnail","hentry","category-musica"],"_links":{"self":[{"href":"https:\/\/mussicom.com\/noticias\/wp-json\/wp\/v2\/posts\/26731","targetHints":{"allow":["GET"]}}],"collection":[{"href":"https:\/\/mussicom.com\/noticias\/wp-json\/wp\/v2\/posts"}],"about":[{"href":"https:\/\/mussicom.com\/noticias\/wp-json\/wp\/v2\/types\/post"}],"author":[{"embeddable":true,"href":"https:\/\/mussicom.com\/noticias\/wp-json\/wp\/v2\/users\/5"}],"replies":[{"embeddable":true,"href":"https:\/\/mussicom.com\/noticias\/wp-json\/wp\/v2\/comments?post=26731"}],"version-history":[{"count":0,"href":"https:\/\/mussicom.com\/noticias\/wp-json\/wp\/v2\/posts\/26731\/revisions"}],"wp:featuredmedia":[{"embeddable":true,"href":"https:\/\/mussicom.com\/noticias\/wp-json\/wp\/v2\/media\/26732"}],"wp:attachment":[{"href":"https:\/\/mussicom.com\/noticias\/wp-json\/wp\/v2\/media?parent=26731"}],"wp:term":[{"taxonomy":"category","embeddable":true,"href":"https:\/\/mussicom.com\/noticias\/wp-json\/wp\/v2\/categories?post=26731"},{"taxonomy":"post_tag","embeddable":true,"href":"https:\/\/mussicom.com\/noticias\/wp-json\/wp\/v2\/tags?post=26731"}],"curies":[{"name":"wp","href":"https:\/\/api.w.org\/{rel}","templated":true}]}}