{"id":26690,"date":"2025-06-17T07:07:59","date_gmt":"2025-06-17T10:07:59","guid":{"rendered":"https:\/\/mussicom.com\/celebridades-se-unem-para-denunciar-deportacoes-e-politicas-anti-imigracao\/"},"modified":"2025-06-17T07:07:59","modified_gmt":"2025-06-17T10:07:59","slug":"celebridades-se-unem-para-denunciar-deportacoes-e-politicas-anti-imigracao","status":"publish","type":"post","link":"https:\/\/mussicom.com\/noticias\/celebridades-se-unem-para-denunciar-deportacoes-e-politicas-anti-imigracao\/","title":{"rendered":"Celebridades se unem para denunciar deporta\u00e7\u00f5es e pol\u00edticas anti-imigra\u00e7\u00e3o"},"content":{"rendered":"<p> <br \/>\n<\/p>\n<div>\n<p>Nas \u00faltimas semanas, uma s\u00e9rie de protestos ganhou for\u00e7a nos Estados Unidos contra as opera\u00e7\u00f5es de deporta\u00e7\u00e3o em massa organizadas pelo <strong>ICE<\/strong> e apoiadas pelo governo <strong>Trump<\/strong>. Diversos artistas, entre m\u00fasicos e astros de Hollywood, declararam seu apoio aos imigrantes e se mobilizaram publicamente em defesa de direitos humanos. Veja alguns exemplos:<\/p>\n<h3>Olivia Rodrigo<\/h3>\n<p>Nativa de Los Angeles, <strong>Olivia<\/strong> se uniu aos protestos do movimento<strong>\u201cNo Kings\u201d<\/strong> no \u00faltimo s\u00e1bado (14 de junho). Nas redes sociais, ela afirmou estar \u201cprofundamente abalada\u201d com as \u201cdeporta\u00e7\u00f5es violentas dos meus vizinhos\u201d e ressaltou que \u201cLos\u202fAngeles simplesmente n\u00e3o existiria sem os imigrantes\u201d.<\/p>\n<p>A cantora ainda compartilhou recursos da ACLU (Uni\u00e3o Americana pelas Liberdades Civis) para informar seus seguidores sobre seus direitos.<\/p>\n<p><\/p>\n<h3>Kim Gordon<\/h3>\n<p>A ex-integrante do <strong>Sonic Youth<\/strong> relan\u00e7ou a faixa <strong>\u201cBye Bye\u201d<\/strong> em uma nova vers\u00e3o, <strong>\u201cBye Bye 25!\u201d<\/strong>, enriquecida com uma reelabora\u00e7\u00e3o de trechos banidos sob o governo <strong>Trump<\/strong>, incluindo palavras como \u201cimmigrants\u201d, \u201cHispanic\u201d, \u201cclimate change\u201d e outras.<\/p>\n<p>O relan\u00e7amento aconteceu em apoio \u00e0s manifesta\u00e7\u00f5es de 14 de junho, e os lucros com m\u00fasica e merch v\u00e3o para a ONG de direitos reprodutivos <strong>Noise for Now<\/strong>.<\/p>\n<p><iframe title=\"Kim Gordon - &quot;BYE BYE 25!&quot;\" width=\"800\" height=\"450\" src=\"https:\/\/www.youtube.com\/embed\/TkyuLs3GHmA?feature=oembed\" frameborder=\"0\" allow=\"accelerometer; autoplay; clipboard-write; encrypted-media; gyroscope; picture-in-picture; web-share\" referrerpolicy=\"strict-origin-when-cross-origin\" allowfullscreen><\/iframe><\/p>\n<h3>Shakira<\/h3>\n<p>Em uma entrevista \u00e0 <em>BBC<\/em>, a cantora colombiana comentou que, atualmente, ser imigrante nos EUA \u201csignifica viver com medo constante\u201d, uma realidade agravada pelas pol\u00edticas de Trump.<\/p>\n<p><strong>Shakira<\/strong> destacou que, apesar das dificuldades lingu\u00edsticas e culturais ao se mudar para os EUA aos 19 anos, sua trajet\u00f3ria foi marcada por aprendizado e poesia. \u201cAgora, mais do que nunca, precisamos permanecer unidos e levantar nossas vozes\u201d, afirmou.<\/p>\n<p>Al\u00e9m dessas artistas, outros nomes como <strong>Tyler, The Creator<\/strong>, <strong>Jenna Ortega<\/strong>, <strong>Kim Kardashian<\/strong>, <strong>Mark Ruffalo<\/strong>, <strong>Susan Sarandon<\/strong>, <strong>Finneas<\/strong>, <strong>Billie Joe Armstrong<\/strong> e <strong>Tom Morello<\/strong> tamb\u00e9m manifestaram apoio. <strong>Finneas<\/strong>, inclusive, compartilhou ter sido atingido por g\u00e1s lacrimog\u00eaneo em um ato pac\u00edfico.<\/p>\n<p><img loading=\"lazy\" decoding=\"async\" alt=\"\" height=\"973\" loading=\"lazy\" src=\"https:\/\/rollingstone.uol.com.br\/media\/uploads\/2025\/06\/stories-tyler-the-creator.jpg\" width=\"778\"\/><\/p>\n<p><img loading=\"lazy\" decoding=\"async\" alt=\"\" height=\"973\" loading=\"lazy\" src=\"https:\/\/rollingstone.uol.com.br\/media\/uploads\/2025\/06\/stories-jenna-ortega.jpg\" width=\"778\"\/><\/p>\n<p><img loading=\"lazy\" decoding=\"async\" alt=\"\" height=\"973\" loading=\"lazy\" src=\"https:\/\/rollingstone.uol.com.br\/media\/uploads\/2025\/06\/stories-kim-kardashian.jpg\" width=\"778\"\/><\/p>\n<p><strong>+++ LEIA MAIS: Entenda como os protestos nos EUA impactam a aprova\u00e7\u00e3o de Donald Trump<\/strong><\/p>\n<p><strong>+++ LEIA MAIS: &#8216;Trump n\u00e3o fala com precis\u00e3o&#8217;, diz Departamento de Justi\u00e7a a juiz<\/strong><\/p>\n<\/div>\n<p><br \/>\n<br \/>Fonte: <a href=\"https:\/\/rollingstone.com.br\/musica\/celebridades-se-unem-para-denunciar-deportacoes-e-politicas-anti-imigracao\/\">rollingstone.com.br<\/a><\/p>\n","protected":false},"excerpt":{"rendered":"<p>Nas \u00faltimas semanas, uma s\u00e9rie de protestos ganhou for\u00e7a nos Estados Unidos contra as opera\u00e7\u00f5es de deporta\u00e7\u00e3o em massa organizadas pelo ICE e apoiadas pelo governo Trump. Diversos artistas, entre m\u00fasicos e astros de Hollywood, declararam seu apoio aos imigrantes e se mobilizaram publicamente em defesa de direitos humanos. Veja alguns exemplos: Olivia Rodrigo Nativa [&hellip;]<\/p>\n","protected":false},"author":5,"featured_media":26691,"comment_status":"open","ping_status":"open","sticky":false,"template":"","format":"standard","meta":{"_seopress_robots_primary_cat":"","_seopress_titles_title":"","_seopress_titles_desc":"","_seopress_robots_index":"","footnotes":""},"categories":[51],"tags":[],"class_list":["post-26690","post","type-post","status-publish","format-standard","has-post-thumbnail","hentry","category-musica"],"_links":{"self":[{"href":"https:\/\/mussicom.com\/noticias\/wp-json\/wp\/v2\/posts\/26690","targetHints":{"allow":["GET"]}}],"collection":[{"href":"https:\/\/mussicom.com\/noticias\/wp-json\/wp\/v2\/posts"}],"about":[{"href":"https:\/\/mussicom.com\/noticias\/wp-json\/wp\/v2\/types\/post"}],"author":[{"embeddable":true,"href":"https:\/\/mussicom.com\/noticias\/wp-json\/wp\/v2\/users\/5"}],"replies":[{"embeddable":true,"href":"https:\/\/mussicom.com\/noticias\/wp-json\/wp\/v2\/comments?post=26690"}],"version-history":[{"count":0,"href":"https:\/\/mussicom.com\/noticias\/wp-json\/wp\/v2\/posts\/26690\/revisions"}],"wp:featuredmedia":[{"embeddable":true,"href":"https:\/\/mussicom.com\/noticias\/wp-json\/wp\/v2\/media\/26691"}],"wp:attachment":[{"href":"https:\/\/mussicom.com\/noticias\/wp-json\/wp\/v2\/media?parent=26690"}],"wp:term":[{"taxonomy":"category","embeddable":true,"href":"https:\/\/mussicom.com\/noticias\/wp-json\/wp\/v2\/categories?post=26690"},{"taxonomy":"post_tag","embeddable":true,"href":"https:\/\/mussicom.com\/noticias\/wp-json\/wp\/v2\/tags?post=26690"}],"curies":[{"name":"wp","href":"https:\/\/api.w.org\/{rel}","templated":true}]}}