{"id":26592,"date":"2025-06-16T14:53:17","date_gmt":"2025-06-16T17:53:17","guid":{"rendered":"https:\/\/mussicom.com\/documentario-santista-contemplado-pela-lei-paulo-gustavo-esta-disponivel-no-youtube\/"},"modified":"2025-06-16T14:53:17","modified_gmt":"2025-06-16T17:53:17","slug":"documentario-santista-contemplado-pela-lei-paulo-gustavo-esta-disponivel-no-youtube","status":"publish","type":"post","link":"https:\/\/mussicom.com\/noticias\/documentario-santista-contemplado-pela-lei-paulo-gustavo-esta-disponivel-no-youtube\/","title":{"rendered":"Document\u00e1rio santista contemplado pela Lei Paulo Gustavo est\u00e1 dispon\u00edvel no YouTube"},"content":{"rendered":"<p> <br \/>\n<\/p>\n<div id=\"texto\">\n<p><strong>O document\u00e1rio, gravado com apoio da Lei Paulo Gustavo, est\u00e1 dispon\u00edvel no Youtube.<\/strong><\/p>\n<p>Por meio de entrevistas com cantoras, instrumentistas, compositoras e produtoras musicais, a obra exp\u00f5e as barreiras impostas pela desigualdade de g\u00eanero, desde a invisibilidade at\u00e9 a desvaloriza\u00e7\u00e3o profissional. Al\u00e9m de retratar casos reais, a produ\u00e7\u00e3o promove uma reflex\u00e3o sobre a necessidade de transformar o cen\u00e1rio musical em um ambiente mais inclusivo e igualit\u00e1rio.<\/p>\n<p>\u00a0<\/p>\n<p>Com depoimentos de Carla Mariani, D\u00e9bora Gozzoli, Lel\u00ea L\u00f3tus, Nathalie Rabelo e Tha\u00eds Ribeiro, o document\u00e1rio celebra a pot\u00eancia feminina por tr\u00e1s de tambores, cordas e sopros \u2014 mulheres que tocam, cantam, ensinam, produzem e criam m\u00fasica com talento, sensibilidade e resist\u00eancia. A produ\u00e7\u00e3o tamb\u00e9m mostra como as artistas desafiam estere\u00f3tipos, e abrem caminhos para as novas gera\u00e7\u00f5es de mulheres na m\u00fasica.<\/p>\n<\/p><\/div>\n<p><script async defer crossorigin=\"anonymous\" src=\"https:\/\/connect.facebook.net\/pt_BR\/sdk.js#xfbml=1&#038;version=v12.0&#038;appId=&#038;autoLogAppEvents=1\" nonce=\"ou0fI1lo\"><\/script><br \/>\n<br \/><br \/>\n<br \/>Fonte: <a href=\"https:\/\/www.bs9.com.br\/variedades\/documentario-santista-contemplado-pela-lei-paulo-gustavo-esta\/32557\/\">BS9<\/a><\/p>\n","protected":false},"excerpt":{"rendered":"<p>O document\u00e1rio, gravado com apoio da Lei Paulo Gustavo, est\u00e1 dispon\u00edvel no Youtube. Por meio de entrevistas com cantoras, instrumentistas, compositoras e produtoras musicais, a obra exp\u00f5e as barreiras impostas pela desigualdade de g\u00eanero, desde a invisibilidade at\u00e9 a desvaloriza\u00e7\u00e3o profissional. Al\u00e9m de retratar casos reais, a produ\u00e7\u00e3o promove uma reflex\u00e3o sobre a necessidade de [&hellip;]<\/p>\n","protected":false},"author":5,"featured_media":26593,"comment_status":"open","ping_status":"open","sticky":false,"template":"","format":"standard","meta":{"_seopress_robots_primary_cat":"","_seopress_titles_title":"","_seopress_titles_desc":"","_seopress_robots_index":"","footnotes":""},"categories":[52],"tags":[],"class_list":["post-26592","post","type-post","status-publish","format-standard","has-post-thumbnail","hentry","category-santoseregiao"],"_links":{"self":[{"href":"https:\/\/mussicom.com\/noticias\/wp-json\/wp\/v2\/posts\/26592","targetHints":{"allow":["GET"]}}],"collection":[{"href":"https:\/\/mussicom.com\/noticias\/wp-json\/wp\/v2\/posts"}],"about":[{"href":"https:\/\/mussicom.com\/noticias\/wp-json\/wp\/v2\/types\/post"}],"author":[{"embeddable":true,"href":"https:\/\/mussicom.com\/noticias\/wp-json\/wp\/v2\/users\/5"}],"replies":[{"embeddable":true,"href":"https:\/\/mussicom.com\/noticias\/wp-json\/wp\/v2\/comments?post=26592"}],"version-history":[{"count":0,"href":"https:\/\/mussicom.com\/noticias\/wp-json\/wp\/v2\/posts\/26592\/revisions"}],"wp:featuredmedia":[{"embeddable":true,"href":"https:\/\/mussicom.com\/noticias\/wp-json\/wp\/v2\/media\/26593"}],"wp:attachment":[{"href":"https:\/\/mussicom.com\/noticias\/wp-json\/wp\/v2\/media?parent=26592"}],"wp:term":[{"taxonomy":"category","embeddable":true,"href":"https:\/\/mussicom.com\/noticias\/wp-json\/wp\/v2\/categories?post=26592"},{"taxonomy":"post_tag","embeddable":true,"href":"https:\/\/mussicom.com\/noticias\/wp-json\/wp\/v2\/tags?post=26592"}],"curies":[{"name":"wp","href":"https:\/\/api.w.org\/{rel}","templated":true}]}}