{"id":26503,"date":"2025-06-15T11:22:05","date_gmt":"2025-06-15T14:22:05","guid":{"rendered":"https:\/\/mussicom.com\/som-pesado-do-black-pantera-quebra-barreiras-no-best-of-blues-and-rock\/"},"modified":"2025-06-15T11:22:05","modified_gmt":"2025-06-15T14:22:05","slug":"som-pesado-do-black-pantera-quebra-barreiras-no-best-of-blues-and-rock","status":"publish","type":"post","link":"https:\/\/mussicom.com\/noticias\/som-pesado-do-black-pantera-quebra-barreiras-no-best-of-blues-and-rock\/","title":{"rendered":"Som pesado do Black Pantera quebra barreiras no Best of Blues and Rock"},"content":{"rendered":"<p> <br \/>\n<\/p>\n<div>\n<p>D\u00e1 para dizer que o <strong>Black Pantera<\/strong> vive o seu melhor momento. Com reconhecimento e destaque na cena metal, o trio natural de Uberaba (MG) tem furado diferentes bolhas: venceu a categoria de Melhor Artista de Rock no Pr\u00eamio da M\u00fasica Brasileira e est\u00e1 prestes a se apresentar no Hellfest, um dos maiores festivais da Fran\u00e7a e do continente europeu.<\/p>\n<figure class=\"image\"><figcaption>Black Pantera &#8211; Foto: Leca Suzuki @lecasuzukiphoto<\/figcaption><\/figure>\n<p>Em meio a isso, <strong>Charles Gama<\/strong> (voz e guitarra), <strong>Chaene da Gama<\/strong> (voz e baixo) e <strong>Rodrigo Pancho<\/strong> (bateria) estiveram entre as atra\u00e7\u00f5es do festival <strong>Best of Blues and Rock<\/strong>, no \u00faltimo s\u00e1bado, 14, no Parque Ibirapuera, em S\u00e3o Paulo. O evento iniciou no final de semana passado e se encerra neste domingo, 15.<\/p>\n<p>Com a sua j\u00e1 conhecida mensagem antirracista, os mineiros entregaram um show de alto n\u00edvel \u2014 que n\u00e3o \u00e9 nenhuma novidade para quem os acompanha. Escolher um momento de destaque \u00e9 dif\u00edcil, j\u00e1 que os m\u00fasicos trabalham em alto n\u00edvel e n\u00e3o deixam a r\u00e9gua abaixar em momento algum.<\/p>\n<figure class=\"image\"><img loading=\"lazy\" decoding=\"async\" alt=\"Black Pantera\" height=\"435\" loading=\"lazy\" src=\"https:\/\/rollingstone.uol.com.br\/media\/uploads\/2025\/06\/black-pantera-best-of-blues-and-rock-foto-leca-suzuki-2.jpg\" width=\"773\"\/><figcaption>Black Pantera &#8211; Foto: Leca Suzuki @lecasuzukiphoto<\/figcaption><\/figure>\n<p>\u00c0 primeira vista, o crossover thrash do Black Pantera n\u00e3o parece uma escolha t\u00e3o \u00f3bvia para um evento como o <strong>Best of Blues and Rock<\/strong>, ainda mais para tocar logo antes de <strong>Alice Cooper<\/strong>. Ainda assim, o grupo conquistou a aten\u00e7\u00e3o da plateia. Como todo show dos mineiros, <strong>\u201cFogo Nos Racistas\u201d<\/strong> movimentou a plateia, com sua cl\u00e1ssica intera\u00e7\u00e3o com os f\u00e3s, que gritam junto de Charles cr\u00edticas a uma s\u00e9rie de preconceitos.<\/p>\n<p>Destacaram-se, ainda, as execu\u00e7\u00f5es de <strong>\u201cCandeia\u201d<\/strong> e <strong>\u201cProv\u00e9rbios\u201d<\/strong>, faixas do \u00e1lbum mais recente, <strong><em>Perp\u00e9tuo<\/em><\/strong> (2024), que ganham ainda mais for\u00e7a ao vivo. Tamb\u00e9m rolaram <strong>\u201cPadr\u00e3o \u00c9 O Car#lho\u201d<\/strong>, com seu refr\u00e3o cativante e que gruda \u00e0 mente; <strong>\u201cPerp\u00e9tuo\u201d<\/strong>, hino de car\u00e1ter hist\u00f3rico contra o racismo; e a emocionante <strong>\u201cTradu\u00e7\u00e3o\u201d<\/strong>, com homenagem a todas as m\u00e3es e lanternas de celular iluminando o Parque Ibirapuera. Sobrou espa\u00e7o at\u00e9 mesmo para o novo single <strong>\u201cUnfuck This\u201d<\/strong>, com letra em ingl\u00eas.<\/p>\n<figure class=\"image\"><img loading=\"lazy\" decoding=\"async\" alt=\"Black Pantera\" height=\"435\" loading=\"lazy\" src=\"https:\/\/rollingstone.uol.com.br\/media\/uploads\/2025\/06\/black-pantera-best-of-blues-and-rock-foto-leca-suzuki-4.jpg\" width=\"773\"\/><figcaption>Black Pantera &#8211; Foto: Leca Suzuki @lecasuzukiphoto<\/figcaption><\/figure>\n<p>Mais uma vez, o Black Pantera mostrou que veio para ficar, n\u00e3o apenas pela qualidade de seu repert\u00f3rio e performance, mas tamb\u00e9m por conta da mensagem que passa. O grupo \u00e9 formado por tr\u00eas artistas que se completam, com os vocais pesados de Charles, os baixos groovados de Chaene e a bateria de Rodrigo, capaz de guiar as m\u00fasicas de forma que amarra todas as pontas. Claro, ouvir nas plataformas de streaming j\u00e1 d\u00e1 uma no\u00e7\u00e3o da pot\u00eancia do trio, mas nada se compara a seu show.<\/p>\n<figure class=\"image\"><img loading=\"lazy\" decoding=\"async\" alt=\"Black Pantera\" height=\"966\" loading=\"lazy\" src=\"https:\/\/rollingstone.uol.com.br\/media\/uploads\/2025\/06\/black-pantera-best-of-blues-and-rock-foto-leca-suzuki-6.jpg\" width=\"773\"\/><figcaption>Black Pantera &#8211; Foto: Leca Suzuki @lecasuzukiphoto<\/figcaption><\/figure>\n<figure class=\"image\"><img loading=\"lazy\" decoding=\"async\" alt=\"Black Pantera\" height=\"966\" loading=\"lazy\" src=\"https:\/\/rollingstone.uol.com.br\/media\/uploads\/2025\/06\/black-pantera-best-of-blues-and-rock-foto-leca-suzuki-7.jpg\" width=\"773\"\/><figcaption>Black Pantera &#8211; Foto: Leca Suzuki @lecasuzukiphoto<\/figcaption><\/figure>\n<figure class=\"image\"><img loading=\"lazy\" decoding=\"async\" alt=\"Black Pantera\" height=\"966\" loading=\"lazy\" src=\"https:\/\/rollingstone.uol.com.br\/media\/uploads\/2025\/06\/black-pantera-best-of-blues-and-rock-foto-leca-suzuki-5.jpg\" width=\"773\"\/><figcaption>Black Pantera &#8211; Foto: Leca Suzuki @lecasuzukiphoto<\/figcaption><\/figure>\n<p><strong>+++ LEIA MAIS: Alice Cooper oferece muito mais do que \u201crock teatral\u201d no Best of Blues and Rock<\/strong><br \/><strong>+++ LEIA MAIS: <\/strong><strong>Dilemas \u00e0 parte, Charlie Brown Jr de Marc\u00e3o e Thiago agrada no Best of Blues and Rock<\/strong><\/p>\n<\/div>\n<p><br \/>\n<br \/>Fonte: <a href=\"https:\/\/rollingstone.com.br\/musica\/som-pesado-do-black-pantera-quebra-barreiras-no-best-of-blues-and-rock\/\">rollingstone.com.br<\/a><\/p>\n","protected":false},"excerpt":{"rendered":"<p>D\u00e1 para dizer que o Black Pantera vive o seu melhor momento. Com reconhecimento e destaque na cena metal, o trio natural de Uberaba (MG) tem furado diferentes bolhas: venceu a categoria de Melhor Artista de Rock no Pr\u00eamio da M\u00fasica Brasileira e est\u00e1 prestes a se apresentar no Hellfest, um dos maiores festivais da [&hellip;]<\/p>\n","protected":false},"author":5,"featured_media":26504,"comment_status":"open","ping_status":"open","sticky":false,"template":"","format":"standard","meta":{"_seopress_robots_primary_cat":"","_seopress_titles_title":"","_seopress_titles_desc":"","_seopress_robots_index":"","footnotes":""},"categories":[51],"tags":[],"class_list":["post-26503","post","type-post","status-publish","format-standard","has-post-thumbnail","hentry","category-musica"],"_links":{"self":[{"href":"https:\/\/mussicom.com\/noticias\/wp-json\/wp\/v2\/posts\/26503","targetHints":{"allow":["GET"]}}],"collection":[{"href":"https:\/\/mussicom.com\/noticias\/wp-json\/wp\/v2\/posts"}],"about":[{"href":"https:\/\/mussicom.com\/noticias\/wp-json\/wp\/v2\/types\/post"}],"author":[{"embeddable":true,"href":"https:\/\/mussicom.com\/noticias\/wp-json\/wp\/v2\/users\/5"}],"replies":[{"embeddable":true,"href":"https:\/\/mussicom.com\/noticias\/wp-json\/wp\/v2\/comments?post=26503"}],"version-history":[{"count":0,"href":"https:\/\/mussicom.com\/noticias\/wp-json\/wp\/v2\/posts\/26503\/revisions"}],"wp:featuredmedia":[{"embeddable":true,"href":"https:\/\/mussicom.com\/noticias\/wp-json\/wp\/v2\/media\/26504"}],"wp:attachment":[{"href":"https:\/\/mussicom.com\/noticias\/wp-json\/wp\/v2\/media?parent=26503"}],"wp:term":[{"taxonomy":"category","embeddable":true,"href":"https:\/\/mussicom.com\/noticias\/wp-json\/wp\/v2\/categories?post=26503"},{"taxonomy":"post_tag","embeddable":true,"href":"https:\/\/mussicom.com\/noticias\/wp-json\/wp\/v2\/tags?post=26503"}],"curies":[{"name":"wp","href":"https:\/\/api.w.org\/{rel}","templated":true}]}}