{"id":26348,"date":"2025-06-13T19:41:29","date_gmt":"2025-06-13T22:41:29","guid":{"rendered":"https:\/\/mussicom.com\/entorno-do-parque-palafitas-em-santos-ganhara-sistema-viario-e-infraestrutura-urbana\/"},"modified":"2025-06-13T19:41:29","modified_gmt":"2025-06-13T22:41:29","slug":"entorno-do-parque-palafitas-em-santos-ganhara-sistema-viario-e-infraestrutura-urbana","status":"publish","type":"post","link":"https:\/\/mussicom.com\/noticias\/entorno-do-parque-palafitas-em-santos-ganhara-sistema-viario-e-infraestrutura-urbana\/","title":{"rendered":"Entorno do Parque Palafitas, em Santos ganhar\u00e1 sistema vi\u00e1rio e infraestrutura urbana"},"content":{"rendered":"<p> <br \/>\n<\/p>\n<div id=\"texto\">\n<p>O Parque Palafitas, projeto-piloto com 60 unidades habitacionais em constru\u00e7\u00e3o pela Prefeitura no Dique da Vila Gilda, na Zona Noroeste de Santos, vai ganhar sistema vi\u00e1rio e infraestrutura urbana no entorno.<\/p>\n<p>\u00a0<\/p>\n<p>A Administra\u00e7\u00e3o abriu concorr\u00eancia eletr\u00f4nica para as obras, marcada para o dia 17 de julho, \u00e0s 10h, e o edital pode ser conferido nos endere\u00e7os eletr\u00f4nicos bllcompras.com e http:\/\/www.santos.sp.gov.br\/licitasantos\/ (Concorr\u00eancia Eletr\u00f4nica n\u00ba 13.906\/2025 \u2013 Processo Administrativo n\u00ba 12311\/2025-16).<\/p>\n<p>\u00a0<\/p>\n<p>A empresa vencedora da licita\u00e7\u00e3o ter\u00e1 prazo contratual de seis meses para a conclus\u00e3o do projeto. &#8220;O novo vi\u00e1rio no entorno ter\u00e1 concord\u00e2ncia com a Av. Jornalista Armando Gomes e a entrada do pr\u00f3prio Parque Palafitas&#8221;, explicou a engenheira civil Fabiana Garcia Pires, assistente t\u00e9cnica da Secretaria de Infraestrutura e Servi\u00e7os P\u00fablicos. Por estar inserido em \u00e1rea de mangue, o n\u00facleo habitacional est\u00e1 sendo executado em n\u00edvel superior, de forma a evitar alagamentos.<\/p>\n<p>&#13;<br \/>\n\u00a0<\/p>\n<p>As obras do sistema vi\u00e1rio preveem a terraplenagem do entorno, nivelando a \u00e1rea, assim como a drenagem necess\u00e1ria para a execu\u00e7\u00e3o posterior das diferentes etapas da pavimenta\u00e7\u00e3o.<\/p>\n<p>\u00a0<\/p>\n<p>Situada na \u00e1rea central da \u00e1rea do sistema vi\u00e1rio em licita\u00e7\u00e3o, junto \u00e0 Avenida Jornalista Armando Gomes, a Pra\u00e7a da Cidadania, que disp\u00f5e de espa\u00e7o esportivo, tamb\u00e9m ser\u00e1 contemplada pelas obras de terraplenagem, de forma a obedecer ao mesmo n\u00edvel da via a ser executada. Na sequ\u00eancia, a Companhia de Desenvolvimento Habitacional e Urbano do Estado de S\u00e3o Paulo (CDHU) assume obras de melhorias na pra\u00e7a.<\/p>\n<p>\u00a0<\/p>\n<p><strong>PROJETO<\/strong><\/p>\n<p>O projeto da Prefeitura para o sistema vi\u00e1rio e infraestrutura urbana no entorno do Parque Palafitas, com previs\u00e3o de conclus\u00e3o no primeiro semestre do pr\u00f3ximo ano, envolve a limpeza da \u00e1rea, demoli\u00e7\u00f5es do pavimento asf\u00e1ltico e de sarjetas e retirada manual de guias.<\/p>\n<p>\u00a0<\/p>\n<p>O piso de concreto tamb\u00e9m ser\u00e1 removido mec\u00e2nica e manualmente. O sistema de drenagem contar\u00e1 com tubos de polietileno de alta densidade, al\u00e9m de 16 bocas de lobo simples e tr\u00eas duplas.<\/p>\n<p>\u00a0<\/p>\n<p>Ser\u00e3o instaladas guias pr\u00e9-moldadas, passeios no padr\u00e3o Cal\u00e7ada Para Todos e piso em ladrilho hidr\u00e1ulico podot\u00e1til, al\u00e9m de nova pavimenta\u00e7\u00e3o. Est\u00e3o previstos \u00e1rea para ajardinamento grama e o plantio de seis palmeiras e duas \u00e1rvores ornamentais regionais, assim como sete postes com lumin\u00e1rias em LED.<\/p>\n<p>\u00a0<\/p>\n<p><strong>SOBRE O PARQUE PALAFITAS<\/strong><\/p>\n<p>Plano in\u00e9dito de urbaniza\u00e7\u00e3o no Pa\u00eds, o Parque Palafitas \u00e9 um projeto-piloto que prev\u00ea a constru\u00e7\u00e3o de 60 unidades habitacionais em uma \u00e1rea de mil metros quadrados na comunidade do Dique da Vila Gilda, na Zona Noroeste. As palafitas compreendem \u00e1reas designadas pelos diques Vila Gilda, S\u00e3o Manoel e Caminho da Uni\u00e3o, ocupa\u00e7\u00f5es que avan\u00e7aram sobre a por\u00e7\u00e3o insular, em \u00e1reas de preserva\u00e7\u00e3o ambiental com caracter\u00edsticas de mangue.<\/p>\n<p>\u00a0<\/p>\n<p>Iniciadas em dezembro de 2024, as obras t\u00eam por objetivo estabelecer uma nova forma de ocupa\u00e7\u00e3o nessas \u00e1reas originalmente de mangues, promovendo a recupera\u00e7\u00e3o ambiental e o bem-estar dos moradores, ao respeitar os v\u00ednculos culturais locais, com a vizinhan\u00e7a, proximidade do trabalho e dos servi\u00e7os p\u00fablicos. O projeto-piloto prev\u00ea seis conjuntos habitacionais &#8211; quatro de apartamentos, totalizando 44 unidades, e dois de casas, cada um com oito resid\u00eancias.<\/p>\n<p>\u00a0<\/p>\n<p>As etapas de funda\u00e7\u00f5es, estruturas e das unidades habitacionais j\u00e1 est\u00e3o contratadas &#8211; 31% do projeto de funda\u00e7\u00f5es e constru\u00e7\u00e3o da superestrutura j\u00e1 est\u00e3o conclu\u00eddos.<\/p>\n<p>\u00a0<\/p>\n<p>A implementa\u00e7\u00e3o do sistema vi\u00e1rio e da infraestrutura urbana no entorno tem valor estimado em cerca de R$ 6,4 milh\u00f5es, financiados pelo Corporaci\u00f3n Andina de Fomento, o banco de Desenvolvimento da Am\u00e9rica Latina e do Caribe.<\/p>\n<\/p><\/div>\n<p><script async defer crossorigin=\"anonymous\" src=\"https:\/\/connect.facebook.net\/pt_BR\/sdk.js#xfbml=1&#038;version=v12.0&#038;appId=&#038;autoLogAppEvents=1\" nonce=\"ou0fI1lo\"><\/script><br \/>\n<br \/><br \/>\n<br \/>Fonte: <a href=\"https:\/\/www.bs9.com.br\/litoral\/entorno-do-parque-palafitas-em-santos-ganhara-sistema-viario-e\/32512\/\">BS9<\/a><\/p>\n","protected":false},"excerpt":{"rendered":"<p>O Parque Palafitas, projeto-piloto com 60 unidades habitacionais em constru\u00e7\u00e3o pela Prefeitura no Dique da Vila Gilda, na Zona Noroeste de Santos, vai ganhar sistema vi\u00e1rio e infraestrutura urbana no entorno. \u00a0 A Administra\u00e7\u00e3o abriu concorr\u00eancia eletr\u00f4nica para as obras, marcada para o dia 17 de julho, \u00e0s 10h, e o edital pode ser conferido [&hellip;]<\/p>\n","protected":false},"author":5,"featured_media":26349,"comment_status":"open","ping_status":"open","sticky":false,"template":"","format":"standard","meta":{"_seopress_robots_primary_cat":"","_seopress_titles_title":"","_seopress_titles_desc":"","_seopress_robots_index":"","footnotes":""},"categories":[52],"tags":[],"class_list":["post-26348","post","type-post","status-publish","format-standard","has-post-thumbnail","hentry","category-santoseregiao"],"_links":{"self":[{"href":"https:\/\/mussicom.com\/noticias\/wp-json\/wp\/v2\/posts\/26348","targetHints":{"allow":["GET"]}}],"collection":[{"href":"https:\/\/mussicom.com\/noticias\/wp-json\/wp\/v2\/posts"}],"about":[{"href":"https:\/\/mussicom.com\/noticias\/wp-json\/wp\/v2\/types\/post"}],"author":[{"embeddable":true,"href":"https:\/\/mussicom.com\/noticias\/wp-json\/wp\/v2\/users\/5"}],"replies":[{"embeddable":true,"href":"https:\/\/mussicom.com\/noticias\/wp-json\/wp\/v2\/comments?post=26348"}],"version-history":[{"count":0,"href":"https:\/\/mussicom.com\/noticias\/wp-json\/wp\/v2\/posts\/26348\/revisions"}],"wp:featuredmedia":[{"embeddable":true,"href":"https:\/\/mussicom.com\/noticias\/wp-json\/wp\/v2\/media\/26349"}],"wp:attachment":[{"href":"https:\/\/mussicom.com\/noticias\/wp-json\/wp\/v2\/media?parent=26348"}],"wp:term":[{"taxonomy":"category","embeddable":true,"href":"https:\/\/mussicom.com\/noticias\/wp-json\/wp\/v2\/categories?post=26348"},{"taxonomy":"post_tag","embeddable":true,"href":"https:\/\/mussicom.com\/noticias\/wp-json\/wp\/v2\/tags?post=26348"}],"curies":[{"name":"wp","href":"https:\/\/api.w.org\/{rel}","templated":true}]}}