{"id":26119,"date":"2025-06-12T03:56:03","date_gmt":"2025-06-12T06:56:03","guid":{"rendered":"https:\/\/mussicom.com\/praia-grande-sp-realiza-nova-edicao-do-domingo-no-parque-neste-fim-de-semana-15\/"},"modified":"2025-06-12T03:56:03","modified_gmt":"2025-06-12T06:56:03","slug":"praia-grande-sp-realiza-nova-edicao-do-domingo-no-parque-neste-fim-de-semana-15","status":"publish","type":"post","link":"https:\/\/mussicom.com\/noticias\/praia-grande-sp-realiza-nova-edicao-do-domingo-no-parque-neste-fim-de-semana-15\/","title":{"rendered":"Praia Grande\/SP realiza nova edi\u00e7\u00e3o do Domingo no Parque neste fim de semana (15)"},"content":{"rendered":"<p> <br \/>\n<\/p>\n<div id=\"texto\">\n<p>Est\u00e1 chegando mais uma edi\u00e7\u00e3o do Domingo no Parque, com diversas \u00a0atra\u00e7\u00f5es para toda a fam\u00edlia se divertir em Praia Grande. O evento vai \u00a0o melhor da cultura para entreter o p\u00fablico neste domingo (15), a \u00a0partir das 14 horas, tendo todas as atividades ocorrendo no Parque de \u00a0Lazer Maracan\u00e3 (Av. C\u00e9sar Rodrigues R\u00e9is, s\/n\u00ba, Maracan\u00e3). Com entrada \u00a0gratuita, a programa\u00e7\u00e3o conta com a participa\u00e7\u00e3o dos permission\u00e1rios \u00a0da Feira de Artesanato Itinerante, artista musical e apresenta\u00e7\u00e3o \u00a0especial do grupo Arueiras do Brasil.<br \/>&#13;<br \/>\n\u00a0<\/p>\n<p>A previs\u00e3o \u00e9 que cerca de 20 barracas, entre artesanato e gastronomia, \u00a0estejam presentes, com pe\u00e7as feitas 100% de maneira artesanal, como \u00a0vestu\u00e1rio, fuxicos, tapetes, pedrarias e brinquedos. Com um repert\u00f3rio \u00a0infantil, o cantor Ninno Jr. ser\u00e1 a atra\u00e7\u00e3o musical do evento a partir \u00a0das 15h. As atividades se encerram com o espet\u00e1culo \u201cA \u00c1gua que Fugiu \u00a0do Lago\u201d para as crian\u00e7as, \u00e0s 16h.<br \/>&#13;<br \/>\n\u00a0<\/p>\n<p>Essa pe\u00e7a se passa em um lugar distante, onde animais e vegeta\u00e7\u00e3o \u00a0coexistiam em perfeita harmonia. Tudo mudou quando uma fam\u00edlia fazia \u00a0um piquenique. Eles se divertiram, comeram e beberam, mas, ao partir, \u00a0deixaram todo o lixo para tr\u00e1s. Com a chuva, toda aquela sujeira \u00a0acabou indo parar no lago. De modo l\u00fadico e educativo, o espet\u00e1culo \u00a0ensina sobre a import\u00e2ncia de cuidar do meio ambiente e as \u00a0consequ\u00eancias do descarte incorreto de lixo.<br \/>&#13;<br \/>\n\u00a0<\/p>\n<p>O secret\u00e1rio de Cultura e Turismo de Praia Grande, Mauricio Petiz, \u00a0destaca o desempenho do evento desde sua primeira edi\u00e7\u00e3o. \u201cTodas as \u00a0realiza\u00e7\u00f5es do Domingo no Parque est\u00e3o tendo um retorno positivo do \u00a0p\u00fablico. A \u00faltima edi\u00e7\u00e3o realizada no Maracan\u00e3 foi um sucesso e a \u00a0deste final de semana promete ser ainda melhor, levando ainda mais \u00a0entretenimento para moradores e turistas da cidade\u201d, afirmou Petiz.<br \/>&#13;<br \/>\n\u00a0<\/p>\n<p><strong>Sobre o Parque &#8211; <\/strong>O Parque de Lazer Maracan\u00e3 conta com pista de \u00a0patina\u00e7\u00e3o, dog park, playground, pista de caminhada e de corrida, al\u00e9m \u00a0de um trecho arborizado. O local tem uma \u00e1rea de aproximadamente 5 mil \u00a0metros quadrados, oferecendo uma estrutura completa para lazer e \u00a0esporte. O Parque tamb\u00e9m resgata parte da hist\u00f3ria de Praia Grande com \u00a0a instala\u00e7\u00e3o de uma releitura das esculturas da antiga &#8220;Pra\u00e7a \u00a0Integra\u00e7\u00e3o dos Bairros&#8221;, que ficava no bairro Avia\u00e7\u00e3o e era \u00a0popularmente chamada de Pra\u00e7a das Bolas. O endere\u00e7o \u00e9 Rua C\u00e9sar \u00a0Rodrigues Reis, ao lado da Usafa Maracan\u00e3.<\/p>\n<\/p><\/div>\n<p><script async defer crossorigin=\"anonymous\" src=\"https:\/\/connect.facebook.net\/pt_BR\/sdk.js#xfbml=1&#038;version=v12.0&#038;appId=&#038;autoLogAppEvents=1\" nonce=\"ou0fI1lo\"><\/script><br \/>\n<br \/><br \/>\n<br \/>Fonte: <a href=\"https:\/\/www.bs9.com.br\/litoral\/praia-grandesp-realiza-nova-edicao-do-domingo-no-parque-neste-fim-de\/32421\/\">BS9<\/a><\/p>\n","protected":false},"excerpt":{"rendered":"<p>Est\u00e1 chegando mais uma edi\u00e7\u00e3o do Domingo no Parque, com diversas \u00a0atra\u00e7\u00f5es para toda a fam\u00edlia se divertir em Praia Grande. O evento vai \u00a0o melhor da cultura para entreter o p\u00fablico neste domingo (15), a \u00a0partir das 14 horas, tendo todas as atividades ocorrendo no Parque de \u00a0Lazer Maracan\u00e3 (Av. C\u00e9sar Rodrigues R\u00e9is, s\/n\u00ba, [&hellip;]<\/p>\n","protected":false},"author":5,"featured_media":26120,"comment_status":"open","ping_status":"open","sticky":false,"template":"","format":"standard","meta":{"_seopress_robots_primary_cat":"","_seopress_titles_title":"","_seopress_titles_desc":"","_seopress_robots_index":"","footnotes":""},"categories":[52],"tags":[],"class_list":["post-26119","post","type-post","status-publish","format-standard","has-post-thumbnail","hentry","category-santoseregiao"],"_links":{"self":[{"href":"https:\/\/mussicom.com\/noticias\/wp-json\/wp\/v2\/posts\/26119","targetHints":{"allow":["GET"]}}],"collection":[{"href":"https:\/\/mussicom.com\/noticias\/wp-json\/wp\/v2\/posts"}],"about":[{"href":"https:\/\/mussicom.com\/noticias\/wp-json\/wp\/v2\/types\/post"}],"author":[{"embeddable":true,"href":"https:\/\/mussicom.com\/noticias\/wp-json\/wp\/v2\/users\/5"}],"replies":[{"embeddable":true,"href":"https:\/\/mussicom.com\/noticias\/wp-json\/wp\/v2\/comments?post=26119"}],"version-history":[{"count":0,"href":"https:\/\/mussicom.com\/noticias\/wp-json\/wp\/v2\/posts\/26119\/revisions"}],"wp:featuredmedia":[{"embeddable":true,"href":"https:\/\/mussicom.com\/noticias\/wp-json\/wp\/v2\/media\/26120"}],"wp:attachment":[{"href":"https:\/\/mussicom.com\/noticias\/wp-json\/wp\/v2\/media?parent=26119"}],"wp:term":[{"taxonomy":"category","embeddable":true,"href":"https:\/\/mussicom.com\/noticias\/wp-json\/wp\/v2\/categories?post=26119"},{"taxonomy":"post_tag","embeddable":true,"href":"https:\/\/mussicom.com\/noticias\/wp-json\/wp\/v2\/tags?post=26119"}],"curies":[{"name":"wp","href":"https:\/\/api.w.org\/{rel}","templated":true}]}}