{"id":26020,"date":"2025-06-11T15:07:14","date_gmt":"2025-06-11T18:07:14","guid":{"rendered":"https:\/\/mussicom.com\/jair-bolsonaro-e-inocente\/"},"modified":"2025-06-11T15:07:14","modified_gmt":"2025-06-11T18:07:14","slug":"jair-bolsonaro-e-inocente","status":"publish","type":"post","link":"https:\/\/mussicom.com\/noticias\/jair-bolsonaro-e-inocente\/","title":{"rendered":"Jair Bolsonaro \u00e9 inocente"},"content":{"rendered":"<p> <br \/>\n<\/p>\n<div>\n<p class=\"postParagraph_post-paragraph__juWZN\">Sei que corro o risco de escandalizar meus sete leitores, mas vou come\u00e7ar o meu texto citando uma frase de Karl Marx, extra\u00edda de sua obra \u201cO 18 de Brum\u00e1rio de Lu\u00eds Bonaparte\u201d:<\/p>\n<p class=\"postParagraph_post-paragraph-innerHtml__Q5vwc\"><em>&#8220;Hegel observa em algum lugar que todos os grandes fatos e personagens da hist\u00f3ria universal aparecem, por assim dizer, duas vezes. Esqueceu-se de acrescentar: a primeira vez como trag\u00e9dia, a segunda como farsa.\u201d<\/em><\/p>\n<p class=\"postParagraph_post-paragraph-innerHtml__Q5vwc\">Sim, at\u00e9 um comunista \u00e9 capaz de eventualmente dizer a verdade. Essa frase de Marx, por exemplo, pode ser aplicada com perfei\u00e7\u00e3o ao Brasil atual. Aquilo que aconteceu como trag\u00e9dia nos tribunais sovi\u00e9ticos durante os Processos de Moscou est\u00e1 se repetindo como farsa nos Processos de Bras\u00edlia conduzidos pelo Imperador Calvo.\u00a0<\/p>\n<p class=\"postParagraph_post-paragraph__juWZN\">Na R\u00fassia de 1936-1938 e no Brasil de 2023-2025, os tribunais condenam pessoas que n\u00e3o cometeram crime algum a penas severas. A diferen\u00e7a \u00e9 que nos tempos de St\u00e1lin, a farsa terminou em trag\u00e9dia, com a execu\u00e7\u00e3o dos rivais do ditador; nos tempos de Moraes, a trag\u00e9dia terminar\u00e1 em farsa, com a pris\u00e3o dos opositores do regime.<\/p>\n<p class=\"postParagraph_post-paragraph-innerHtml__Q5vwc\">Os depoimentos de Jair Bolsonaro e dos outros r\u00e9us deixaram claro que n\u00e3o houve golpe, n\u00e3o houve tentativa de golpe e n\u00e3o houve minuta do golpe \u2014 a n\u00e3o ser, como j\u00e1 sabemos, o golpe socialista de 2022, que consistiu em tirar um sujeito da cadeia para coloc\u00e1-lo na cadeira presidencial.<\/p>\n<p class=\"postParagraph_post-paragraph-innerHtml__Q5vwc\">O que foi chamado de minuta do golpe \u00e9 um documento sem assinatura, sem cabe\u00e7alho e sem proced\u00eancia, provavelmente retirado de um modelo do Google, com um esbo\u00e7o de decreto de estado de s\u00edtio ou estado de defesa.<\/p>\n<p class=\"postParagraph_post-paragraph__juWZN\">Ocorre que decretar o estado de s\u00edtio ou o estado de defesa s\u00e3o prerrogativas do presidente da Rep\u00fablica, e sua aplica\u00e7\u00e3o somente pode ser feita com a aprova\u00e7\u00e3o do Conselho da Rep\u00fablica e do Congresso Nacional.<\/p>\n<p class=\"postParagraph_post-paragraph__juWZN\">Ainda que tivessem assinado o tal documento \u2014 e n\u00e3o o fizeram \u2014 os r\u00e9us n\u00e3o estariam cometendo crime algum, mas apenas aplicando um item da Constitui\u00e7\u00e3o.<\/p>\n<p class=\"postParagraph_post-paragraph-innerHtml__Q5vwc\">\u00c9 dever de um presidente da Rep\u00fablica discutir todas as possibilidades e hip\u00f3teses para salvar uma na\u00e7\u00e3o dentro da ordem legal. Ao discutir essas possibilidades ap\u00f3s uma elei\u00e7\u00e3o <em>disfuncional<\/em> \u2014 como bem definiu em seu depoimento \u2014, Bolsonaro estava cumprindo o seu papel como chefe de Estado. Por essa iniciativa (por tentar livrar o pa\u00eds do estado ca\u00f3tico em que se encontra hoje), ele deveria ser condecorado, jamais condenado.<\/p>\n<div class=\"postViewMore_post-view-more-container___5wai\" data-mrf-recirculation=\"Post - Veja tamb\u00e9m\">\n<p class=\"gp-styles-module-size-small-afeYRa gp-styles-module-font-family2-afeYRa gp-styles-module-color-secondary-afeYRa gp-styles-module-weight-bold-afeYRa\">VEJA TAMB\u00c9M:<\/p>\n<ul class=\"postViewMore_post-view-more-list__CU_CE\">\n<li class=\"postViewMore_post-view-more-item__2MzRb\"><span class=\"postViewMore_post-view-more-link-icon___stPC\"><svg xmlns=\"http:\/\/www.w3.org\/2000\/svg\" width=\"16\" height=\"16\" viewbox=\"0 0 16 16\"><rect width=\"16\" height=\"16\" fill=\"none\"\/><g transform=\"translate(3 3)\"><path d=\"M22.5,15l3.4,3.4-3.4,3.4\" transform=\"translate(-15.896 -11.793)\" fill=\"none\" stroke=\"#717171\" stroke-linecap=\"round\" stroke-width=\"1.4\"\/><path d=\"M6,6v4.2a2.452,2.452,0,0,0,2.5,2.4H16\" transform=\"translate(-6 -6)\" fill=\"none\" stroke=\"#717171\" stroke-linecap=\"round\" stroke-width=\"1.4\"\/><\/g><\/svg><\/span><span class=\"postViewMore_post-view-more-link-text__hO_kM\">Julgamento de Bolsonaro: a maior farsa judicial da nossa hist\u00f3ria<\/span><\/li>\n<\/ul>\n<\/div>\n<blockquote class=\"postQuote_post-quote-container__KXTpH\">\n<div class=\"postQuote_post-quote-content__wp4c4\">\n<p>Bolsonaro tentou evitar que ca\u00edssemos no abismo em que estamos hoje; tentou evitar o colapso do pa\u00eds, que agora \u00e9 inevit\u00e1vel; tentou evitar a ditadura socialista, que hoje se apresenta como a \u00fanica forma de democracia permitida<\/p>\n<\/div>\n<\/blockquote>\n<p class=\"postParagraph_post-paragraph-innerHtml__Q5vwc\">Como sabem todos os juristas s\u00e9rios do pa\u00eds (infelizmente, omissos em sua grande maioria), o direito penal estabelece que a mera cogita\u00e7\u00e3o (<em>cogitatio<\/em>) ou atos preparat\u00f3rios n\u00e3o configura crime. O direito n\u00e3o pune cogita\u00e7\u00f5es, mas apenas execu\u00e7\u00f5es.<\/p>\n<p class=\"postParagraph_post-paragraph__juWZN\">Discutir a aplicabilidade de um artigo constitucional, portanto, n\u00e3o \u00e9 crime, a n\u00e3o ser que se aplique a l\u00f3gica de Roland Freisler, o juiz de Hitler, ou do Grande Irm\u00e3o de 1984, para os quais o mero pensamento contr\u00e1rio ao regime consiste no mais hediondo dos crimes.<\/p>\n<p class=\"postParagraph_post-paragraph-innerHtml__Q5vwc\">Durante a maior parte de seu depoimento, Bolsonaro manteve-se calmo e sereno. Exp\u00f4s as tentativas do regime de criminalizar a opini\u00e3o, a cr\u00edtica e o pensamento. Desconstruiu o castelo de areia da acusa\u00e7\u00e3o. Todos os fatos ali expostos conduzem a uma \u00fanica conclus\u00e3o: Bolsonaro \u00e9 um homem inocente.<\/p>\n<p class=\"postParagraph_post-paragraph-innerHtml__Q5vwc\">No entanto, como dizia Graham Greene, a inoc\u00eancia pode ser uma forma de loucura. Esse homem inocente \u2014 todos sabemos disto \u2014 est\u00e1 previamente condenado por um regime ditatorial. E ditadura, como bem observou meu querido amigo Henrique Oliveira, n\u00e3o \u00e9 lugar para piadinhas.<\/p>\n<p class=\"postParagraph_post-paragraph__juWZN\">O \u201cconvite\u201d a Moraes para ser seu vice, mesmo obviamente ir\u00f4nico, n\u00e3o me parece apropriado para o contexto de uma na\u00e7\u00e3o dominada por um regime maligno que conduz o povo ao sil\u00eancio e \u00e0 servid\u00e3o.<\/p>\n<p class=\"postParagraph_post-paragraph__juWZN\">Imaginem voc\u00eas, meus sete leitores, como essa piadinha soou para os presos e suas fam\u00edlias dilaceradas.<\/p>\n<p class=\"postParagraph_post-paragraph__juWZN\">Sim, Jair Bolsonaro \u00e9 inocente. Mas os ref\u00e9ns do 8 de janeiro tamb\u00e9m s\u00e3o. O sangue e a dor de Clez\u00e3o, D\u00e9bora e tantos outros continuam clamando por justi\u00e7a.<\/p>\n<p class=\"postParagraph_post-paragraph__juWZN\">Comecei com Marx, termino com algu\u00e9m infinitamente maior:<\/p>\n<p class=\"postParagraph_post-paragraph-innerHtml__Q5vwc\"><em>\u201cBem-aventurados os que t\u00eam fome e sede da justi\u00e7a, porque ser\u00e3o saciados.\u201d (Mt 5, 6)<\/em>.<\/p>\n<p class=\"postParagraph_post-paragraph-innerHtml__Q5vwc\"><strong>Canal Briguet Sem Medo: Acesse a comunidade no Telegram e receba conte\u00fados exclusivos. Link: https:\/\/t.me\/briguetsemmedo<\/strong><\/p>\n<\/div>\n<p><br \/>\n<br \/>Fonte: <a href=\"https:\/\/www.gazetadopovo.com.br\/vozes\/paulo-briguet\/jair-bolsonaro-e-inocente\/\">Revista Oeste<\/a><\/p>\n","protected":false},"excerpt":{"rendered":"<p>Sei que corro o risco de escandalizar meus sete leitores, mas vou come\u00e7ar o meu texto citando uma frase de Karl Marx, extra\u00edda de sua obra \u201cO 18 de Brum\u00e1rio de Lu\u00eds Bonaparte\u201d: &#8220;Hegel observa em algum lugar que todos os grandes fatos e personagens da hist\u00f3ria universal aparecem, por assim dizer, duas vezes. Esqueceu-se [&hellip;]<\/p>\n","protected":false},"author":5,"featured_media":26021,"comment_status":"open","ping_status":"open","sticky":false,"template":"","format":"standard","meta":{"_seopress_robots_primary_cat":"","_seopress_titles_title":"","_seopress_titles_desc":"","_seopress_robots_index":"","footnotes":""},"categories":[1],"tags":[],"class_list":["post-26020","post","type-post","status-publish","format-standard","has-post-thumbnail","hentry","category-ultimas-noticias"],"_links":{"self":[{"href":"https:\/\/mussicom.com\/noticias\/wp-json\/wp\/v2\/posts\/26020","targetHints":{"allow":["GET"]}}],"collection":[{"href":"https:\/\/mussicom.com\/noticias\/wp-json\/wp\/v2\/posts"}],"about":[{"href":"https:\/\/mussicom.com\/noticias\/wp-json\/wp\/v2\/types\/post"}],"author":[{"embeddable":true,"href":"https:\/\/mussicom.com\/noticias\/wp-json\/wp\/v2\/users\/5"}],"replies":[{"embeddable":true,"href":"https:\/\/mussicom.com\/noticias\/wp-json\/wp\/v2\/comments?post=26020"}],"version-history":[{"count":0,"href":"https:\/\/mussicom.com\/noticias\/wp-json\/wp\/v2\/posts\/26020\/revisions"}],"wp:featuredmedia":[{"embeddable":true,"href":"https:\/\/mussicom.com\/noticias\/wp-json\/wp\/v2\/media\/26021"}],"wp:attachment":[{"href":"https:\/\/mussicom.com\/noticias\/wp-json\/wp\/v2\/media?parent=26020"}],"wp:term":[{"taxonomy":"category","embeddable":true,"href":"https:\/\/mussicom.com\/noticias\/wp-json\/wp\/v2\/categories?post=26020"},{"taxonomy":"post_tag","embeddable":true,"href":"https:\/\/mussicom.com\/noticias\/wp-json\/wp\/v2\/tags?post=26020"}],"curies":[{"name":"wp","href":"https:\/\/api.w.org\/{rel}","templated":true}]}}