{"id":25977,"date":"2025-06-11T08:57:51","date_gmt":"2025-06-11T11:57:51","guid":{"rendered":"https:\/\/mussicom.com\/kirchner-chama-juizes-da-suprema-corte-de-fantoches\/"},"modified":"2025-06-11T08:57:51","modified_gmt":"2025-06-11T11:57:51","slug":"kirchner-chama-juizes-da-suprema-corte-de-fantoches","status":"publish","type":"post","link":"https:\/\/mussicom.com\/noticias\/kirchner-chama-juizes-da-suprema-corte-de-fantoches\/","title":{"rendered":"Kirchner chama ju\u00edzes da Suprema Corte de \u201cfantoches\u201d"},"content":{"rendered":"<p> <br \/>\n<\/p>\n<div>\n<p class=\"postParagraph_post-paragraph-innerHtml__Q5vwc\">A ex-presidente argentina Cristina Kirchner (2007-2015), cuja condena\u00e7\u00e3o a seis anos de pris\u00e3o e inabilita\u00e7\u00e3o perp\u00e9tua para ocupar cargos p\u00fablicos foi confirmada em inst\u00e2ncia final pela Suprema Corte do pa\u00eds nesta ter\u00e7a-feira (10), fez um duro discurso contra o tribunal e o atual mandat\u00e1rio argentino, Javier Milei.<\/p>\n<p class=\"postParagraph_post-paragraph__juWZN\">Segundo informa\u00e7\u00f5es do jornal Clar\u00edn, em um pronunciamento na sede do peronista Partido Justicialista (PJ), em Buenos Aires, Kirchner fez uma ironia e disse que \u201ceste caso tem um cronograma eleitoral maravilhoso\u201d.<\/p>\n<p class=\"postParagraph_post-paragraph__juWZN\">Na semana passada, Kirchner havia anunciado que seria candidata a deputada provincial pelo terceiro distrito eleitoral da prov\u00edncia de Buenos Aires nas elei\u00e7\u00f5es de 7 de setembro \u2013 candidatura que agora, pela pena de inabilita\u00e7\u00e3o para ocupar cargos p\u00fablicos, fica inviabilizada.<\/p>\n<p class=\"postParagraph_post-paragraph__juWZN\">A respeito dos tr\u00eas ju\u00edzes da Suprema Corte que mantiveram de forma un\u00e2nime sua condena\u00e7\u00e3o, Kirchner os chamou de \u201ctr\u00eas fantoches que respondem a l\u00edderes naturais muito acima deles\u201d.<\/p>\n<p class=\"postParagraph_post-paragraph__juWZN\">\u201c\u00c9 um triunvirato que executa ordens de cima, n\u00e3o nos enganemos\u201d, acusou.<\/p>\n<p class=\"postParagraph_post-paragraph__juWZN\">A exemplo do que havia dito numa reuni\u00e3o na sede do PJ na segunda-feira (9), Kirchner afirmou que \u201cestar preso \u00e9 um atestado de dignidade\u201d e voltou a criticar o governo Milei.<\/p>\n<p class=\"postParagraph_post-paragraph__juWZN\">\u201cPodem me prender, mas os aposentados n\u00e3o v\u00e3o conseguir pagar as contas no fim do m\u00eas e os rem\u00e9dios est\u00e3o cada vez mais caros\u201d, afirmou.<\/p>\n<p class=\"postParagraph_post-paragraph__juWZN\">No final de 2022, Kirchner havia sido condenada por um tribunal argentino pelo chamado caso Vialidad, devido a um esquema de desvios de recursos de obras p\u00fablicas na prov\u00edncia de Santa Cruz, ber\u00e7o pol\u00edtico do kirchnerismo.<\/p>\n<p class=\"postParagraph_post-paragraph__juWZN\">Em novembro do ano passado, a C\u00e2mara Federal de Cassa\u00e7\u00e3o ratificou a senten\u00e7a. Agora, o caso foi analisado em \u00faltima inst\u00e2ncia pela Suprema Corte argentina.<\/p>\n<p class=\"postParagraph_post-paragraph__juWZN\">Ainda n\u00e3o se sabe como Kirchner cumprir\u00e1 a pena. Como a ex-presidente tem mais de 70 anos (sua idade \u00e9 72 anos), sua defesa poder\u00e1 solicitar pris\u00e3o domiciliar.<\/p>\n<p class=\"postParagraph_post-paragraph__juWZN\">Nesta ter\u00e7a-feira, Jorge Gorini, presidente do Segundo Tribunal Federal Oral (TOF 2), onde Kirchner e os outros r\u00e9us do caso foram condenados em primeira inst\u00e2ncia (e que \u00e9 o juizado executor da senten\u00e7a, j\u00e1 que recursos foram negados em tribunais superiores), determinou que eles devem comparecer \u00e0 Justi\u00e7a Federal de Buenos Aires dentro de cinco dias \u00fateis para que suas senten\u00e7as comecem a ser cumpridas. Entretanto, o Minist\u00e9rio P\u00fablico solicitou que as pris\u00f5es sejam realizadas imediatamente.<\/p>\n<\/div>\n<p><br \/>\n<br \/>Fonte: <a href=\"https:\/\/www.gazetadopovo.com.br\/mundo\/kirchner-chama-juizes-da-suprema-corte-de-fantoches\/\">Revista Oeste<\/a><\/p>\n","protected":false},"excerpt":{"rendered":"<p>A ex-presidente argentina Cristina Kirchner (2007-2015), cuja condena\u00e7\u00e3o a seis anos de pris\u00e3o e inabilita\u00e7\u00e3o perp\u00e9tua para ocupar cargos p\u00fablicos foi confirmada em inst\u00e2ncia final pela Suprema Corte do pa\u00eds nesta ter\u00e7a-feira (10), fez um duro discurso contra o tribunal e o atual mandat\u00e1rio argentino, Javier Milei. Segundo informa\u00e7\u00f5es do jornal Clar\u00edn, em um pronunciamento [&hellip;]<\/p>\n","protected":false},"author":5,"featured_media":25978,"comment_status":"open","ping_status":"open","sticky":false,"template":"","format":"standard","meta":{"_seopress_robots_primary_cat":"","_seopress_titles_title":"","_seopress_titles_desc":"","_seopress_robots_index":"","footnotes":""},"categories":[1],"tags":[],"class_list":["post-25977","post","type-post","status-publish","format-standard","has-post-thumbnail","hentry","category-ultimas-noticias"],"_links":{"self":[{"href":"https:\/\/mussicom.com\/noticias\/wp-json\/wp\/v2\/posts\/25977","targetHints":{"allow":["GET"]}}],"collection":[{"href":"https:\/\/mussicom.com\/noticias\/wp-json\/wp\/v2\/posts"}],"about":[{"href":"https:\/\/mussicom.com\/noticias\/wp-json\/wp\/v2\/types\/post"}],"author":[{"embeddable":true,"href":"https:\/\/mussicom.com\/noticias\/wp-json\/wp\/v2\/users\/5"}],"replies":[{"embeddable":true,"href":"https:\/\/mussicom.com\/noticias\/wp-json\/wp\/v2\/comments?post=25977"}],"version-history":[{"count":0,"href":"https:\/\/mussicom.com\/noticias\/wp-json\/wp\/v2\/posts\/25977\/revisions"}],"wp:featuredmedia":[{"embeddable":true,"href":"https:\/\/mussicom.com\/noticias\/wp-json\/wp\/v2\/media\/25978"}],"wp:attachment":[{"href":"https:\/\/mussicom.com\/noticias\/wp-json\/wp\/v2\/media?parent=25977"}],"wp:term":[{"taxonomy":"category","embeddable":true,"href":"https:\/\/mussicom.com\/noticias\/wp-json\/wp\/v2\/categories?post=25977"},{"taxonomy":"post_tag","embeddable":true,"href":"https:\/\/mussicom.com\/noticias\/wp-json\/wp\/v2\/tags?post=25977"}],"curies":[{"name":"wp","href":"https:\/\/api.w.org\/{rel}","templated":true}]}}