{"id":25791,"date":"2025-06-10T09:34:56","date_gmt":"2025-06-10T12:34:56","guid":{"rendered":"https:\/\/mussicom.com\/camara-vai-declarar-perda-do-mandato-de-zambelli-diz-motta\/"},"modified":"2025-06-10T09:34:56","modified_gmt":"2025-06-10T12:34:56","slug":"camara-vai-declarar-perda-do-mandato-de-zambelli-diz-motta","status":"publish","type":"post","link":"https:\/\/mussicom.com\/noticias\/camara-vai-declarar-perda-do-mandato-de-zambelli-diz-motta\/","title":{"rendered":"C\u00e2mara vai declarar perda do mandato de Zambelli, diz Motta"},"content":{"rendered":"<p> <br \/>\n<\/p>\n<div>\n<p class=\"postParagraph_post-paragraph-innerHtml__Q5vwc\">O presidente da C\u00e2mara dos Deputados, Hugo Motta (Republicanos-PB), afirmou nesta segunda-feira (9) que seguir\u00e1 o rito regimental para declarar a perda de mandato da deputada federal Carla Zambelli (PL-SP). A Primeira Turma do Supremo Tribunal Federal (STF) condenou a parlamentar a 10 anos de pris\u00e3o, perda de mandato e pagamento de multa no valor de R$ 2 milh\u00f5es pela invas\u00e3o do sistema do Conselho Nacional de Justi\u00e7a (CNJ), realizada em 2023.<\/p>\n<p class=\"postParagraph_post-paragraph-innerHtml__Q5vwc\">\u201cQuando h\u00e1 uma conclus\u00e3o de julgamento, n\u00e3o cabe mais ao presidente colocar isso em vota\u00e7\u00e3o, porque j\u00e1 tem a condena\u00e7\u00e3o. A decis\u00e3o judicial tem que ser cumprida\u201d, afirmou Motta em evento promovido pelo jornal <em>Valor Econ\u00f4mico<\/em>, em S\u00e3o Paulo. Ele aguarda apenas a notifica\u00e7\u00e3o do STF sobre a condena\u00e7\u00e3o definitiva da deputada determinada na \u00faltima sexta-feira (6).<\/p>\n<p class=\"postParagraph_post-paragraph-innerHtml__Q5vwc\">Na semana passada, Zambelli anunciou que deixou o pa\u00eds, indo inicialmente aos Estados Unidos e, depois, para a It\u00e1lia. A parlamentar afirma ser alvo de persegui\u00e7\u00e3o pol\u00edtica e classificou a decis\u00e3o do STF como \u201cilegal, inconstitucional e autorit\u00e1ria\u201d. Moraes ordenou a pris\u00e3o preventiva e solicitou a extradi\u00e7\u00e3o da parlamentar.<\/p>\n<div class=\"postViewMore_post-view-more-container___5wai\" data-mrf-recirculation=\"Post - Veja tamb\u00e9m\">\n<p class=\"gp-styles-module-size-small-afeYRa gp-styles-module-font-family2-afeYRa gp-styles-module-color-secondary-afeYRa gp-styles-module-weight-bold-afeYRa\">VEJA TAMB\u00c9M:<\/p>\n<ul class=\"postViewMore_post-view-more-list__CU_CE\">\n<li class=\"postViewMore_post-view-more-item__2MzRb\"><span class=\"postViewMore_post-view-more-link-icon___stPC\"><svg xmlns=\"http:\/\/www.w3.org\/2000\/svg\" width=\"16\" height=\"16\" viewbox=\"0 0 16 16\"><rect width=\"16\" height=\"16\" fill=\"none\"\/><g transform=\"translate(3 3)\"><path d=\"M22.5,15l3.4,3.4-3.4,3.4\" transform=\"translate(-15.896 -11.793)\" fill=\"none\" stroke=\"#717171\" stroke-linecap=\"round\" stroke-width=\"1.4\"\/><path d=\"M6,6v4.2a2.452,2.452,0,0,0,2.5,2.4H16\" transform=\"translate(-6 -6)\" fill=\"none\" stroke=\"#717171\" stroke-linecap=\"round\" stroke-width=\"1.4\"\/><\/g><\/svg><\/span><span class=\"postViewMore_post-view-more-link-text__hO_kM\">Minist\u00e9rio da Justi\u00e7a aguarda notifica\u00e7\u00e3o para avan\u00e7ar com extradi\u00e7\u00e3o de Zambelli<\/span><\/li>\n<\/ul>\n<\/div>\n<p class=\"postParagraph_post-paragraph-innerHtml__Q5vwc\">Al\u00e9m disso, abriu um novo inqu\u00e9rito contra ela para apurar a suposta pr\u00e1tica dos crimes de coa\u00e7\u00e3o no curso do processo e obstru\u00e7\u00e3o de investiga\u00e7\u00e3o de infra\u00e7\u00e3o penal que envolva organiza\u00e7\u00e3o criminosa. Duranet o evento, Motta ressaltou que o caso da deputada \u00e9 at\u00edpico, sem precedentes na C\u00e2mara.<\/p>\n<p class=\"postParagraph_post-paragraph__juWZN\">&#8220;Veio uma decis\u00e3o condenat\u00f3ria. Quando chegou o momento de [aprecia\u00e7\u00e3o, pelo STF] dos embargos [recursos], ela decidiu ir para outro pa\u00eds. Porque, penso eu, ela tinha cidadania italiana e, l\u00e1, teria a oportunidade de n\u00e3o cumprir uma poss\u00edvel pena\u201d, disse o deputado.<\/p>\n<p class=\"postParagraph_post-paragraph-innerHtml__Q5vwc\">No \u00faltimo dia 5, o presidente da C\u00e2mara autorizou a licen\u00e7a de Zambelli por 127 dias. \u201cEla tinha pedido uma licen\u00e7a m\u00e9dica, seguida de uma licen\u00e7a para tratar interesse particular, antes da decis\u00e3o do STF. Concedemos esta licen\u00e7a at\u00e9 para que seu suplente [Coronel Tadeu] pudesse assumir o mandato e, a partir da\u00ed, aguard\u00e1ssemos o desfecho do processo\u201d, justificou Motta.<\/p>\n<p class=\"postParagraph_post-paragraph__juWZN\">O hacker Walter Delgatti Neto, que teria atuado a mando de Zambelli, foi condenado a 8 anos e 3 meses de reclus\u00e3o, inicialmente em regime fechado, al\u00e9m do pagamento solid\u00e1rio da multa de R$ 2 milh\u00f5es. A defesa de Delgatti alegou que o hacker agiu motivado por promessas feitas pela deputada de recompensas financeiras e de um poss\u00edvel emprego.<\/p>\n<\/div>\n<p><br \/>\n<br \/>Fonte: <a href=\"https:\/\/www.gazetadopovo.com.br\/republica\/camara-vai-declarar-perda-do-mandato-de-zambelli-diz-motta\/\">Revista Oeste<\/a><\/p>\n","protected":false},"excerpt":{"rendered":"<p>O presidente da C\u00e2mara dos Deputados, Hugo Motta (Republicanos-PB), afirmou nesta segunda-feira (9) que seguir\u00e1 o rito regimental para declarar a perda de mandato da deputada federal Carla Zambelli (PL-SP). A Primeira Turma do Supremo Tribunal Federal (STF) condenou a parlamentar a 10 anos de pris\u00e3o, perda de mandato e pagamento de multa no valor [&hellip;]<\/p>\n","protected":false},"author":5,"featured_media":25792,"comment_status":"open","ping_status":"open","sticky":false,"template":"","format":"standard","meta":{"_seopress_robots_primary_cat":"","_seopress_titles_title":"","_seopress_titles_desc":"","_seopress_robots_index":"","footnotes":""},"categories":[1],"tags":[],"class_list":["post-25791","post","type-post","status-publish","format-standard","has-post-thumbnail","hentry","category-ultimas-noticias"],"_links":{"self":[{"href":"https:\/\/mussicom.com\/noticias\/wp-json\/wp\/v2\/posts\/25791","targetHints":{"allow":["GET"]}}],"collection":[{"href":"https:\/\/mussicom.com\/noticias\/wp-json\/wp\/v2\/posts"}],"about":[{"href":"https:\/\/mussicom.com\/noticias\/wp-json\/wp\/v2\/types\/post"}],"author":[{"embeddable":true,"href":"https:\/\/mussicom.com\/noticias\/wp-json\/wp\/v2\/users\/5"}],"replies":[{"embeddable":true,"href":"https:\/\/mussicom.com\/noticias\/wp-json\/wp\/v2\/comments?post=25791"}],"version-history":[{"count":0,"href":"https:\/\/mussicom.com\/noticias\/wp-json\/wp\/v2\/posts\/25791\/revisions"}],"wp:featuredmedia":[{"embeddable":true,"href":"https:\/\/mussicom.com\/noticias\/wp-json\/wp\/v2\/media\/25792"}],"wp:attachment":[{"href":"https:\/\/mussicom.com\/noticias\/wp-json\/wp\/v2\/media?parent=25791"}],"wp:term":[{"taxonomy":"category","embeddable":true,"href":"https:\/\/mussicom.com\/noticias\/wp-json\/wp\/v2\/categories?post=25791"},{"taxonomy":"post_tag","embeddable":true,"href":"https:\/\/mussicom.com\/noticias\/wp-json\/wp\/v2\/tags?post=25791"}],"curies":[{"name":"wp","href":"https:\/\/api.w.org\/{rel}","templated":true}]}}