{"id":25768,"date":"2025-06-10T06:07:56","date_gmt":"2025-06-10T09:07:56","guid":{"rendered":"https:\/\/mussicom.com\/dia-nacional-da-imunizacao-prefeitura-de-sao-vicente-disponibiliza-vacinas-para-todos-os-publicos\/"},"modified":"2025-06-10T06:07:56","modified_gmt":"2025-06-10T09:07:56","slug":"dia-nacional-da-imunizacao-prefeitura-de-sao-vicente-disponibiliza-vacinas-para-todos-os-publicos","status":"publish","type":"post","link":"https:\/\/mussicom.com\/noticias\/dia-nacional-da-imunizacao-prefeitura-de-sao-vicente-disponibiliza-vacinas-para-todos-os-publicos\/","title":{"rendered":"Dia Nacional da Imuniza\u00e7\u00e3o: Prefeitura de S\u00e3o Vicente disponibiliza vacinas para todos os p\u00fablicos"},"content":{"rendered":"<p> <br \/>\n<\/p>\n<div id=\"texto\">\n<p>O dia 9 de junho \u00e9 lembrado no calend\u00e1rio da sa\u00fade como o Dia Nacional da Imuniza\u00e7\u00e3o. A data tem o objetivo de destacar a relev\u00e2ncia das vacinas em todas as etapas da vida, sendo um dos m\u00e9todos mais eficazes para evitar o surgimento de diversas doen\u00e7as.<\/p>\n<p>\u00a0<\/p>\n<p>A vacina \u00e9 desenvolvida para estimular o sistema imunol\u00f3gico a reconhecer e combater determinados microrganismos, como v\u00edrus e bact\u00e9rias. Caso a pessoa seja exposta, o corpo saber\u00e1 como reagir rapidamente, evitando o desenvolvimento da doen\u00e7a ou tornando-a muito mais leve.<\/p>\n<p>\u00a0<\/p>\n<p>No Munic\u00edpio, a Prefeitura, por meio da Secretaria da Sa\u00fade (Sesau) disponibiliza imunizantes para todos os p\u00fablicos nas 26 unidades b\u00e1sicas de sa\u00fade, de segunda a sexta-feira, das 9h \u00e0s 16h30, e tamb\u00e9m no posto de vacina\u00e7\u00e3o do Brisamar Shopping (Rua Frei Gaspar, 365 &#8211; Centro), de segunda a s\u00e1bado, das 10h \u00e0s 19h.<\/p>\n<p>\u00a0<\/p>\n<p>A imuniza\u00e7\u00e3o come\u00e7a desde cedo, como explica a enfermeira e respons\u00e1vel t\u00e9cnica do posto do shopping, Janaina Coluchi: &#8220;A vacina come\u00e7a j\u00e1 com a gestante. Para elas \u00e9 indicado a da gripe, covid-19 e, a partir da 20\u00aa semana de gesta\u00e7\u00e3o, a DTPa (protege contra difteria, t\u00e9tano e coqueluche). J\u00e1 para os beb\u00eas, nos seus primeiros dias de vida, s\u00e3o feitas a BCG (contra a tuberculose) e da hepatite B&#8221;.<\/p>\n<p>\u00a0<\/p>\n<p>&#8220;Estamos em campanha contra a gripe. No dia 7 de maio a vacina foi liberada para toda a popula\u00e7\u00e3o acima de 6 meses de idade, ampliando o acesso \u00e0 imuniza\u00e7\u00e3o. J\u00e1 dia 10 de maio, realizamos o &#8216;Dia D de Vacina\u00e7\u00e3o contra a Gripe&#8217;, com atendimento em nove UBSs, no posto do Brisamar Shopping e no Vacim\u00f3vel. No dia da campanha, imunizamos 3.431 mun\u00edcipes (3.159 contra a gripe, 105 contra a Covid-19, 25 contra a dengue e 142 com vacinas de rotina). Venha se vacinar contra a gripe e caso precise atualizar a carteirinha, \u00e9 s\u00f3 comparecer em nossas unidades&#8221;, completou Janaina.<\/p>\n<p>\u00a0<\/p>\n<p>Um tema que surge quando se fala de vacina\u00e7\u00e3o s\u00e3o mitos e verdades. A m\u00e9dica infectologista do Servi\u00e7o de Controle de Infec\u00e7\u00e3o Hospitalar (SCIH) do Hospital Vicentino e Maternidade Municipal, Paula Baptista Carvalho explica alguns deles: &#8220;\u00c9 mito que a vacina contra a influenza causa gripe. Ela \u00e9 feita com v\u00edrus inativado (morto), ent\u00e3o n\u00e3o \u00e9 poss\u00edvel pegar gripe por meio dela. Podem ocorrer rea\u00e7\u00f5es leves, que desaparecem r\u00e1pido. Tamb\u00e9m \u00e9 mito que a vacina contra COVID 19 n\u00e3o seja segura . A OMS j\u00e1 garantiu sua efic\u00e1cia, milh\u00f5es de pessoas j\u00e1 foram vacinadas com seguran\u00e7a. A verdade \u00e9 que as vacinas desenvolvidas colaboraram para o controle de v\u00e1rias epidemias erradicando ou controlando in\u00fameras doen\u00e7as transmiss\u00edveis como : difteria, sarampo, poliomielite, var\u00edola, Covid -19, entre outras.&#8221;<\/p>\n<p>\u00a0<\/p>\n<p>&#8220;A vacina desempenha um papel fundamental na promo\u00e7\u00e3o da sa\u00fade p\u00fablica, sendo uma das formas mais eficazes de prevenir doen\u00e7as infecciosas. Na cidade, contamos com 26 unidades de sa\u00fade, al\u00e9m do posto no shopping, que aplicam todas as vacinas do calend\u00e1rio vacinal. Um pedido que fa\u00e7o \u00e9: se voc\u00ea precisa atualizar a carteirinha ou conhece algum parente que precise, v\u00e1 at\u00e9 um de nossos postos. Nossa equipe est\u00e1 preparada para receber voc\u00ea&#8221;, salientou a secret\u00e1ria da Sa\u00fade, Michelle Santos.<\/p>\n<\/p><\/div>\n<p><script async defer crossorigin=\"anonymous\" src=\"https:\/\/connect.facebook.net\/pt_BR\/sdk.js#xfbml=1&#038;version=v12.0&#038;appId=&#038;autoLogAppEvents=1\" nonce=\"ou0fI1lo\"><\/script><br \/>\n<br \/><br \/>\n<br \/>Fonte: <a href=\"https:\/\/www.bs9.com.br\/litoral\/dia-nacional-da-imunizacao-prefeitura-de-sao-vicente-disponibiliza\/32365\/\">BS9<\/a><\/p>\n","protected":false},"excerpt":{"rendered":"<p>O dia 9 de junho \u00e9 lembrado no calend\u00e1rio da sa\u00fade como o Dia Nacional da Imuniza\u00e7\u00e3o. A data tem o objetivo de destacar a relev\u00e2ncia das vacinas em todas as etapas da vida, sendo um dos m\u00e9todos mais eficazes para evitar o surgimento de diversas doen\u00e7as. \u00a0 A vacina \u00e9 desenvolvida para estimular o [&hellip;]<\/p>\n","protected":false},"author":5,"featured_media":25769,"comment_status":"open","ping_status":"open","sticky":false,"template":"","format":"standard","meta":{"_seopress_robots_primary_cat":"","_seopress_titles_title":"","_seopress_titles_desc":"","_seopress_robots_index":"","footnotes":""},"categories":[52],"tags":[],"class_list":["post-25768","post","type-post","status-publish","format-standard","has-post-thumbnail","hentry","category-santoseregiao"],"_links":{"self":[{"href":"https:\/\/mussicom.com\/noticias\/wp-json\/wp\/v2\/posts\/25768","targetHints":{"allow":["GET"]}}],"collection":[{"href":"https:\/\/mussicom.com\/noticias\/wp-json\/wp\/v2\/posts"}],"about":[{"href":"https:\/\/mussicom.com\/noticias\/wp-json\/wp\/v2\/types\/post"}],"author":[{"embeddable":true,"href":"https:\/\/mussicom.com\/noticias\/wp-json\/wp\/v2\/users\/5"}],"replies":[{"embeddable":true,"href":"https:\/\/mussicom.com\/noticias\/wp-json\/wp\/v2\/comments?post=25768"}],"version-history":[{"count":0,"href":"https:\/\/mussicom.com\/noticias\/wp-json\/wp\/v2\/posts\/25768\/revisions"}],"wp:featuredmedia":[{"embeddable":true,"href":"https:\/\/mussicom.com\/noticias\/wp-json\/wp\/v2\/media\/25769"}],"wp:attachment":[{"href":"https:\/\/mussicom.com\/noticias\/wp-json\/wp\/v2\/media?parent=25768"}],"wp:term":[{"taxonomy":"category","embeddable":true,"href":"https:\/\/mussicom.com\/noticias\/wp-json\/wp\/v2\/categories?post=25768"},{"taxonomy":"post_tag","embeddable":true,"href":"https:\/\/mussicom.com\/noticias\/wp-json\/wp\/v2\/tags?post=25768"}],"curies":[{"name":"wp","href":"https:\/\/api.w.org\/{rel}","templated":true}]}}