{"id":25711,"date":"2025-06-09T21:24:47","date_gmt":"2025-06-10T00:24:47","guid":{"rendered":"https:\/\/mussicom.com\/selecao-feminina-tera-marta-jhonson-e-dudinha-na-copa-america\/"},"modified":"2025-06-09T21:24:47","modified_gmt":"2025-06-10T00:24:47","slug":"selecao-feminina-tera-marta-jhonson-e-dudinha-na-copa-america","status":"publish","type":"post","link":"https:\/\/mussicom.com\/noticias\/selecao-feminina-tera-marta-jhonson-e-dudinha-na-copa-america\/","title":{"rendered":"Sele\u00e7\u00e3o feminina ter\u00e1 Marta, Jhonson e Dudinha na Copa Am\u00e9rica"},"content":{"rendered":"<p> <br \/>\n<\/p>\n<div>\n<p>O t\u00e9cnico Arthur Elias convocou nesta segunda-feira (9) as 23 jogadoras da sele\u00e7\u00e3o brasileira feminina de futebol que ir\u00e3o em busca do nono t\u00edtulo da Copa Am\u00e9rica. O torneio continenal come\u00e7a\u00a0em 12 de julho em Quito (Equador), com a participa\u00e7\u00e3o de 12 na\u00e7\u00f5es. No ataque, o treinador manteve a camisa 10 Marta (Orlando Pride~\/EUA), que retornou \u00e0 sele\u00e7\u00e3o\u00a0nos \u00faltimos amistosos contra o Jap\u00e3o,\u00a0e tamb\u00e9m as revela\u00e7\u00f5es Dudinha (S\u00e3o Paulo) e Jhonson (Corinthians), ambas com 19 anos, que balan\u00e7aram as redes contra as asi\u00e1ticas.O poder ofensivo da amarelinha conta ainda com Amanda Gutierres (Palmeiras), Gabi Portilho (Gotham FC\/EUA), Gio e Luany (ambas do Atl\u00e9tico de Madrid\/Espanha), al\u00e9m de Kerolin (Manchester City\/Inglaterrra).<img decoding=\"async\" src=\"https:\/\/agenciabrasil.ebc.com.br\/ebc.gif?id=1646126&amp;o=node\" style=\"width:1px; height:1px; display:inline;\"\/><\/p>\n<blockquote class=\"twitter-tweet\">\n<p dir=\"ltr\" lang=\"pt\" xml:lang=\"pt\">\ud83c\udde7\ud83c\uddf7 CONVOCADAS!<\/p>\n<p>As atletas que v\u00e3o representar o Brasil est\u00e3o definidas! \ud83d\udc9a\ud83d\udc9b<\/p>\n<p>Nossa Sele\u00e7\u00e3o entra em campo na Fran\u00e7a, no dia 27\/06, em amistoso contra as donas da casa em Grenoble, e j\u00e1 se prepara para a Copa Am\u00e9rica Feminina 2025! <a href=\"https:\/\/t.co\/JIZCMqaU5a\">pic.twitter.com\/JIZCMqaU5a<\/a><\/p>\n<p>\u2014 Sele\u00e7\u00e3o Feminina de Futebol (@SelecaoFeminina) <a href=\"https:\/\/twitter.com\/SelecaoFeminina\/status\/1932080672631599322?ref_src=twsrc%5Etfw\">June 9, 2025<\/a><\/p><\/blockquote>\n<p>Antes da estreia no torneio, o Brasil far\u00e1 um \u00faltimo amistoso fora de casa contra a Fran\u00e7a, no pr\u00f3ximo dia 27 de junho (uma sexta-feira). Ser\u00e1 o primeiro reencontro das equipes ap\u00f3s as quartas de final da Olimp\u00edada de Paris no ano passado, quando o Brasil eliminou a Les Blues com vit\u00f3ria de 1 a 0 \u2013 na sequ\u00eancia, a amarelinha sequ\u00eancia faturou a medalha de prata. O amistoso ser\u00e1 no Stade des Alpes (Est\u00e1dio dos Alpes), em Grenobles.<\/p>\n<p>Ap\u00f3s o amistoso contra as francesas, a sele\u00e7\u00e3o retorna ao Brasil, onde concluir\u00e1 a prepara\u00e7\u00e3o f\u00edsica na Granja Comary, em Teres\u00f3polis (RJ). A equipe embarca para o Equador em 10 de julho.<\/p>\n<blockquote>\n<p>\u201cEu espero que olhem para o Brasil como favorito em todas as competi\u00e7\u00f5es, porque n\u00f3s vamos realmente entrar fortes em qualquer torneio. Eu entendo que a Copa Am\u00e9rica ser\u00e1 uma oportunidade de melhorarmos a nossa efici\u00eancia na organiza\u00e7\u00e3o ofensiva e trazer um crescimento para a Sele\u00e7\u00e3o. Alguns advers\u00e1rios na Am\u00e9rica do Sul marcam mais individual para o setor e eu acho isso \u00f3timo. Quanto mais cen\u00e1rios diferentes a jogadora tem, mais recursos ela desenvolve, tanto de t\u00e1tica individual quanto daquilo que interessa para a sele\u00e7\u00e3o brasileira jogar de forma organizada, que \u00e9 a t\u00e1tica coletiva&#8221;, disse Elias, durante coletiva ap\u00f3s a convoca\u00e7\u00e3o\u00a0<\/p>\n<\/blockquote>\n<div class=\"dnd-widget-wrapper context-cheio_8colunas type-image\">\n<div class=\"dnd-atom-rendered\"><!-- scald=427049:cheio_8colunas --><br \/>\n            <img decoding=\"async\" src=\"https:\/\/imagens.ebc.com.br\/DJSONb38ll6o86HwTR69NirCIfc=\/754x0\/smart\/https:\/\/agenciabrasil.ebc.com.br\/sites\/default\/files\/thumbnails\/image\/2025\/06\/09\/jhonson_selecao_feminina_japao_2025.jpg?itok=W6Q4w8gg\" alt=\"No primeiro jogo com a camisa da sele\u00e7\u00e3o, atacante Jhonson marca e garante a vit\u00f3ria da sele\u00e7\u00e3o brasileira feminina sobre o Jap\u00e3o por 2 a 1, no segundo amistoso contra as asi\u00e1ticas - em 02\/06\/2025&#13;&#10;\" title=\"Livia Villas Boas\/CBF\/Direitos Reservados\"\/><br \/>\n        <img decoding=\"async\" src=\"https:\/\/imagens.ebc.com.br\/DJSONb38ll6o86HwTR69NirCIfc=\/754x0\/smart\/https:\/\/agenciabrasil.ebc.com.br\/sites\/default\/files\/thumbnails\/image\/2025\/06\/09\/jhonson_selecao_feminina_japao_2025.jpg?itok=W6Q4w8gg\" alt=\"No primeiro jogo com a camisa da sele\u00e7\u00e3o, atacante Jhonson marca e garante a vit\u00f3ria da sele\u00e7\u00e3o brasileira feminina sobre o Jap\u00e3o por 2 a 1, no segundo amistoso contra as asi\u00e1ticas - em 02\/06\/2025&#13;&#10;\" title=\"Livia Villas Boas\/CBF\/Direitos Reservados\"\/><br \/>\n    <!-- END scald=427049 --><\/div>\n<div class=\"dnd-caption-wrapper\">\n<p>Em sua estreia em campo com a sele\u00e7\u00e3o brasileira, Jhonson marcou um gola\u00e7o aos 33 minutos do segundo tempo, garantindo a vit\u00f3ria por 2 a 1 contra o Jap\u00e3o, n a \u00faltima segunda-feira (2), na Neo Qu\u00edmica Arena, em S\u00e3o Paulo.- <strong>Livia Villas Boas\/CBF\/Direitos Reservados<\/strong><!--END copyright=427049--><\/p>\n<\/div>\n<\/div>\n<p>A amarelinha j\u00e1 disputou oito amistosos este ano, contra equipes bem ranqueadas pela Fifa (Col\u00f4mbia, Austr\u00e1lia, Estados Unidos e Jap\u00e3o).\u00a0 Foram seis vit\u00f3rias, uma delas in\u00e9dita contra as norte-americanas (2 a 1) na casa das advers\u00e1rias, no segundo jogo \u2013 no primeiro a sele\u00e7\u00e3o foi superada por 2 a 0. Tamb\u00e9m houve um empate no primeiro duelo contra a Col\u00f4mbia (1 a 1). \u00a0<\/p>\n<p>Atual campe\u00e3 da Copa Am\u00e9rica, a sele\u00e7\u00e3o estrear\u00e1 em 13 de julho (um domingo), contra a Venezuela, pela primeira rodada do \u00a0Grupo \u00a0B (que tem ainda Bol\u00edvia, Col\u00f4mbia e Paraguai). J\u00e1 na chave A est\u00e3o Argentina, Chile, Equador, Peru e Uruguai.<\/p>\n<div class=\"dnd-widget-wrapper context-cheio_8colunas type-image\">\n<div class=\"dnd-atom-rendered\"><!-- scald=426108:cheio_8colunas --><br \/>\n            <img decoding=\"async\" src=\"https:\/\/imagens.ebc.com.br\/wb5830UiwP-AXApe9qMDgNqNKlQ=\/754x0\/smart\/https:\/\/agenciabrasil.ebc.com.br\/sites\/default\/files\/thumbnails\/image\/2025\/05\/30\/54557194419_8e8d8e205f_o.jpg?itok=re8udRLI\" alt=\"brasil, jap\u00e3o, amistoso - dudinhas\" title=\"Livia Villas Boas\/CBF\/Direitos Reservados\"\/><br \/>\n        <img decoding=\"async\" src=\"https:\/\/imagens.ebc.com.br\/wb5830UiwP-AXApe9qMDgNqNKlQ=\/754x0\/smart\/https:\/\/agenciabrasil.ebc.com.br\/sites\/default\/files\/thumbnails\/image\/2025\/05\/30\/54557194419_8e8d8e205f_o.jpg?itok=re8udRLI\" alt=\"brasil, jap\u00e3o, amistoso - dudinhas\" title=\"Livia Villas Boas\/CBF\/Direitos Reservados\"\/><br \/>\n    <!-- END scald=426108 --><\/div>\n<div class=\"dnd-caption-wrapper\">\n<p>Atacante do S\u00e3o Paulo, Dudinha estreou em grande estilo com a amarelinha, ao marcar os dois gols na\u00a0vit\u00f3ria por\u00a0 2 a 0 do Brasil sobre o Jap\u00e3o, no primeiro amistoso contra as asi\u00e1ticas, em 20 de maio, na Neo Qu\u00edmica Arena, na capital paulista\u00a0&#8211; <strong>Livia Villas Boas\/CBF\/Direitos Reservados<\/strong><!--END copyright=426108--><\/p>\n<\/div>\n<\/div>\n<p>Apenas as duas primeiras colocadas na fase de grupos, seguir\u00e3o para as semifinais. Pelo regulamento, o l\u00edder da chave A enfrentar\u00e1 o segundo colocado do Grupo B , em 28 de julho. A outra semi reunir\u00e1 o segundo colocado do Grupo A contra o primeiro do Grupo B. Quem vencer, decidir\u00e1 o t\u00edtulo em 2 de agosto (um s\u00e1bado).<\/p>\n<h2>Jogadoras convocadas por Athur Elias<\/h2>\n<p><strong>GOLEIRAS<\/strong><\/p>\n<p>Lorena &#8211; Kansas City (EUA)<\/p>\n<p>Camila &#8211; Cruzeiro<\/p>\n<p>Cl\u00e1udia &#8211; Fluminense<\/p>\n<p><strong>ZAGUEIRAS<\/strong><\/p>\n<p>Tarciane \u2013 Lyon (FRA)<\/p>\n<p>Isa Haas &#8211; Cruzeiro<\/p>\n<p>Kak\u00e1 \u2013 S\u00e3o Paulo<\/p>\n<p>Mariza &#8211; Corinthians<\/p>\n<p><strong>LATERAIS<\/strong><\/p>\n<p>Yasmim \u2013 Real Madrid (ESP)<\/p>\n<p>F\u00e1tima Dutra &#8211; Ferrovi\u00e1ria<\/p>\n<p>F\u00ea Palermo &#8211; Palmeiras<\/p>\n<p>Ant\u00f4nia \u2013 Real Madrid (ESP)<\/p>\n<p><strong>MEIA-CAMPISTAS<\/strong><\/p>\n<p>Angelina \u2013 Orlando Pride (EUA)<\/p>\n<p>Duda Sampaio &#8211; Corinthians<\/p>\n<p>Ary Borges \u2013 Racing Louisville (EUA)<\/p>\n<p>Ana Vit\u00f3ria \u2013 Atl\u00e9tico de Madrid (ESP)<\/p>\n<p><strong>ATACANTES<\/strong><\/p>\n<p>Kerolin \u2013 Manchester City (ING)<\/p>\n<p>Gio \u2013 Atl\u00e9tico de Madrid (ESP)<\/p>\n<p>Luany \u2013 Atl\u00e9tico de Madrid (ESP)<\/p>\n<p>Dudinha \u2013 S\u00e3o Paulo<\/p>\n<p>Marta \u2013 Orlando Pride (EUA)<\/p>\n<p>Amanda Gutierres &#8211; Palmeiras<\/p>\n<p>Gabi Portilho \u2013 Gotham (EUA)<\/p>\n<p>Jhonson &#8211; Corinthians<\/p>\n<h2>Jogos do Brasil na Copa Am\u00e9rica Feminina<\/h2>\n<p><em>(programa\u00e7\u00e3o sujeita a altera\u00e7\u00f5es)<\/em><\/p>\n<p>13 de julho (domingo) &#8211;\u00a0Brasil\u00a0x Venezuela &#8211; 21h<\/p>\n<p>16 de julho (quarta-feira) &#8211;\u00a0Brasil\u00a0x Bol\u00edvia &#8211; 18h<\/p>\n<p>22 de julho (ter\u00e7a)\u00a0&#8211;\u00a0Brasil\u00a0x Paraguai &#8211; 21h<\/p>\n<p>25 de julho (sexta)) &#8211;\u00a0Brasil\u00a0x Col\u00f4mbia &#8211; 21h<\/p>\n<p>      <!-- Relacionada --><\/p>\n<p>            <!-- Relacionada -->\n    <\/div>\n<p><script async src=\"\/\/platform.twitter.com\/widgets.js\" charset=\"utf-8\"><\/script><br \/>\n<br \/><br \/>\n<br \/>Fonte: <a href=\"https:\/\/agenciabrasil.ebc.com.br\/esportes\/noticia\/2025-06\/selecao-feminina-tera-marta-jhonson-e-dudinha-na-copa-america\">Ag\u00eancia Brasil<\/a><\/p>\n","protected":false},"excerpt":{"rendered":"<p>O t\u00e9cnico Arthur Elias convocou nesta segunda-feira (9) as 23 jogadoras da sele\u00e7\u00e3o brasileira feminina de futebol que ir\u00e3o em busca do nono t\u00edtulo da Copa Am\u00e9rica. O torneio continenal come\u00e7a\u00a0em 12 de julho em Quito (Equador), com a participa\u00e7\u00e3o de 12 na\u00e7\u00f5es. No ataque, o treinador manteve a camisa 10 Marta (Orlando Pride~\/EUA), que [&hellip;]<\/p>\n","protected":false},"author":5,"featured_media":25712,"comment_status":"open","ping_status":"open","sticky":false,"template":"","format":"standard","meta":{"_seopress_robots_primary_cat":"","_seopress_titles_title":"","_seopress_titles_desc":"","_seopress_robots_index":"","footnotes":""},"categories":[40],"tags":[],"class_list":["post-25711","post","type-post","status-publish","format-standard","has-post-thumbnail","hentry","category-esportes"],"_links":{"self":[{"href":"https:\/\/mussicom.com\/noticias\/wp-json\/wp\/v2\/posts\/25711","targetHints":{"allow":["GET"]}}],"collection":[{"href":"https:\/\/mussicom.com\/noticias\/wp-json\/wp\/v2\/posts"}],"about":[{"href":"https:\/\/mussicom.com\/noticias\/wp-json\/wp\/v2\/types\/post"}],"author":[{"embeddable":true,"href":"https:\/\/mussicom.com\/noticias\/wp-json\/wp\/v2\/users\/5"}],"replies":[{"embeddable":true,"href":"https:\/\/mussicom.com\/noticias\/wp-json\/wp\/v2\/comments?post=25711"}],"version-history":[{"count":0,"href":"https:\/\/mussicom.com\/noticias\/wp-json\/wp\/v2\/posts\/25711\/revisions"}],"wp:featuredmedia":[{"embeddable":true,"href":"https:\/\/mussicom.com\/noticias\/wp-json\/wp\/v2\/media\/25712"}],"wp:attachment":[{"href":"https:\/\/mussicom.com\/noticias\/wp-json\/wp\/v2\/media?parent=25711"}],"wp:term":[{"taxonomy":"category","embeddable":true,"href":"https:\/\/mussicom.com\/noticias\/wp-json\/wp\/v2\/categories?post=25711"},{"taxonomy":"post_tag","embeddable":true,"href":"https:\/\/mussicom.com\/noticias\/wp-json\/wp\/v2\/tags?post=25711"}],"curies":[{"name":"wp","href":"https:\/\/api.w.org\/{rel}","templated":true}]}}