{"id":25695,"date":"2025-06-09T19:47:46","date_gmt":"2025-06-09T22:47:46","guid":{"rendered":"https:\/\/mussicom.com\/mutirao-contra-o-aedes-passa-por-bairros-centrais-de-santos\/"},"modified":"2025-06-09T19:47:46","modified_gmt":"2025-06-09T22:47:46","slug":"mutirao-contra-o-aedes-passa-por-bairros-centrais-de-santos","status":"publish","type":"post","link":"https:\/\/mussicom.com\/noticias\/mutirao-contra-o-aedes-passa-por-bairros-centrais-de-santos\/","title":{"rendered":"Mutir\u00e3o contra o Aedes passa por bairros centrais de Santos"},"content":{"rendered":"<p> <br \/>\n<\/p>\n<div><\/p>\n<div>Vila Nova e Paquet\u00e1 s\u00e3o os bairros santistas que receber\u00e3o o 26\u00ba Mutir\u00e3o de Combate ao Aedes aegypti de 2025 nesta quarta-feira (11)<\/div>\n<\/div>\n<p><br \/>\n<br \/>Fonte: <a href=\"https:\/\/jornaldaorla.com.br\/noticias\/mutirao-contra-o-aedes-passa-por-bairros-centrais-de-santos\/\">Jornal Da Orla<\/a><\/p>\n","protected":false},"excerpt":{"rendered":"<p>Vila Nova e Paquet\u00e1 s\u00e3o os bairros santistas que receber\u00e3o o 26\u00ba Mutir\u00e3o de Combate ao Aedes aegypti de 2025 nesta quarta-feira (11) Fonte: Jornal Da Orla<\/p>\n","protected":false},"author":5,"featured_media":25696,"comment_status":"open","ping_status":"open","sticky":false,"template":"","format":"standard","meta":{"_seopress_robots_primary_cat":"","_seopress_titles_title":"","_seopress_titles_desc":"","_seopress_robots_index":"","footnotes":""},"categories":[52],"tags":[],"class_list":["post-25695","post","type-post","status-publish","format-standard","has-post-thumbnail","hentry","category-santoseregiao"],"_links":{"self":[{"href":"https:\/\/mussicom.com\/noticias\/wp-json\/wp\/v2\/posts\/25695","targetHints":{"allow":["GET"]}}],"collection":[{"href":"https:\/\/mussicom.com\/noticias\/wp-json\/wp\/v2\/posts"}],"about":[{"href":"https:\/\/mussicom.com\/noticias\/wp-json\/wp\/v2\/types\/post"}],"author":[{"embeddable":true,"href":"https:\/\/mussicom.com\/noticias\/wp-json\/wp\/v2\/users\/5"}],"replies":[{"embeddable":true,"href":"https:\/\/mussicom.com\/noticias\/wp-json\/wp\/v2\/comments?post=25695"}],"version-history":[{"count":0,"href":"https:\/\/mussicom.com\/noticias\/wp-json\/wp\/v2\/posts\/25695\/revisions"}],"wp:featuredmedia":[{"embeddable":true,"href":"https:\/\/mussicom.com\/noticias\/wp-json\/wp\/v2\/media\/25696"}],"wp:attachment":[{"href":"https:\/\/mussicom.com\/noticias\/wp-json\/wp\/v2\/media?parent=25695"}],"wp:term":[{"taxonomy":"category","embeddable":true,"href":"https:\/\/mussicom.com\/noticias\/wp-json\/wp\/v2\/categories?post=25695"},{"taxonomy":"post_tag","embeddable":true,"href":"https:\/\/mussicom.com\/noticias\/wp-json\/wp\/v2\/tags?post=25695"}],"curies":[{"name":"wp","href":"https:\/\/api.w.org\/{rel}","templated":true}]}}