{"id":25613,"date":"2025-06-09T09:45:48","date_gmt":"2025-06-09T12:45:48","guid":{"rendered":"https:\/\/mussicom.com\/santos-realiza-escutas-publicas-para-construcao-dos-editais-da-politica-nacional-aldir-blanc\/"},"modified":"2025-06-09T09:45:48","modified_gmt":"2025-06-09T12:45:48","slug":"santos-realiza-escutas-publicas-para-construcao-dos-editais-da-politica-nacional-aldir-blanc","status":"publish","type":"post","link":"https:\/\/mussicom.com\/noticias\/santos-realiza-escutas-publicas-para-construcao-dos-editais-da-politica-nacional-aldir-blanc\/","title":{"rendered":"Santos realiza escutas p\u00fablicas para constru\u00e7\u00e3o dos editais da Pol\u00edtica Nacional Aldir Blanc"},"content":{"rendered":"<p> <br \/>\n<\/p>\n<div id=\"texto\">\n<p>Santos d\u00e1 mais um passo na constru\u00e7\u00e3o participativa das pol\u00edticas culturais. A Secretaria de Cultura (Secult) d\u00e1 in\u00edcio \u00e0s escutas que ir\u00e3o orientar a elabora\u00e7\u00e3o dos novos editais da Pol\u00edtica Nacional Aldir Blanc (PNAB) no Munic\u00edpio.<\/p>\n<p>\u00a0<\/p>\n<p>As consultas t\u00eam como objetivo ouvir as demandas, sugest\u00f5es e propostas de artistas, produtores, coletivos, t\u00e9cnicos e trabalhadores da cultura, visando assegurar que os recursos p\u00fablicos sejam aplicados de forma democr\u00e1tica, transparente e alinhada \u00e0s necessidades do setor cultural santista.<\/p>\n<p>\u00a0<\/p>\n<p>&#8220;A participa\u00e7\u00e3o da sociedade \u00e9 essencial para que possamos construir editais mais justos, que contemplem a diversidade e a riqueza da produ\u00e7\u00e3o cultural de Santos. Essa \u00e9 uma pol\u00edtica p\u00fablica feita de forma colaborativa, ouvindo quem vive da cultura na nossa cidade&#8221;, destaca o secret\u00e1rio de Cultura, Rafael Leal.\u00a0<\/p>\n<p>\u00a0<\/p>\n<p>Os interessados ter\u00e3o duas formas de fazer suas sugest\u00f5es. Preenchendo o formul\u00e1rio no site www.santos.sp.gov.br\/pnab at\u00e9 o dia 13 de junho. Outra forma \u00e9 participando de um dos encontros presenciais, que ser\u00e3o realizados no dia 9 de junho, \u00e0s 19h, no Teatro Rosinha Mastrangelo (Avenida Pinheiro Machado, 48, Vila Mathias) e no dia 11 de junho, no CEU das Artes, \u00e0s 19h, (Pra\u00e7a da Paz Universal s\/n, Castelo).\u00a0<\/p>\n<p>\u00a0<\/p>\n<p>Sob gest\u00e3o do Minist\u00e9rio da Cultura (Minc), a nova fase da Pol\u00edtica Nacional Aldir Blanc (PNAB) vai destinar R$ 2.620.610,16 para Santos.\u00a0<\/p>\n<\/p><\/div>\n<p><script async defer crossorigin=\"anonymous\" src=\"https:\/\/connect.facebook.net\/pt_BR\/sdk.js#xfbml=1&#038;version=v12.0&#038;appId=&#038;autoLogAppEvents=1\" nonce=\"ou0fI1lo\"><\/script><br \/>\n<br \/><br \/>\n<br \/>Fonte: <a href=\"https:\/\/www.bs9.com.br\/litoral\/santos-realiza-escutas-publicas-para-construcao-dos-editais-da\/32342\/\">BS9<\/a><\/p>\n","protected":false},"excerpt":{"rendered":"<p>Santos d\u00e1 mais um passo na constru\u00e7\u00e3o participativa das pol\u00edticas culturais. A Secretaria de Cultura (Secult) d\u00e1 in\u00edcio \u00e0s escutas que ir\u00e3o orientar a elabora\u00e7\u00e3o dos novos editais da Pol\u00edtica Nacional Aldir Blanc (PNAB) no Munic\u00edpio. \u00a0 As consultas t\u00eam como objetivo ouvir as demandas, sugest\u00f5es e propostas de artistas, produtores, coletivos, t\u00e9cnicos e trabalhadores [&hellip;]<\/p>\n","protected":false},"author":5,"featured_media":25614,"comment_status":"open","ping_status":"open","sticky":false,"template":"","format":"standard","meta":{"_seopress_robots_primary_cat":"","_seopress_titles_title":"","_seopress_titles_desc":"","_seopress_robots_index":"","footnotes":""},"categories":[52],"tags":[],"class_list":["post-25613","post","type-post","status-publish","format-standard","has-post-thumbnail","hentry","category-santoseregiao"],"_links":{"self":[{"href":"https:\/\/mussicom.com\/noticias\/wp-json\/wp\/v2\/posts\/25613","targetHints":{"allow":["GET"]}}],"collection":[{"href":"https:\/\/mussicom.com\/noticias\/wp-json\/wp\/v2\/posts"}],"about":[{"href":"https:\/\/mussicom.com\/noticias\/wp-json\/wp\/v2\/types\/post"}],"author":[{"embeddable":true,"href":"https:\/\/mussicom.com\/noticias\/wp-json\/wp\/v2\/users\/5"}],"replies":[{"embeddable":true,"href":"https:\/\/mussicom.com\/noticias\/wp-json\/wp\/v2\/comments?post=25613"}],"version-history":[{"count":0,"href":"https:\/\/mussicom.com\/noticias\/wp-json\/wp\/v2\/posts\/25613\/revisions"}],"wp:featuredmedia":[{"embeddable":true,"href":"https:\/\/mussicom.com\/noticias\/wp-json\/wp\/v2\/media\/25614"}],"wp:attachment":[{"href":"https:\/\/mussicom.com\/noticias\/wp-json\/wp\/v2\/media?parent=25613"}],"wp:term":[{"taxonomy":"category","embeddable":true,"href":"https:\/\/mussicom.com\/noticias\/wp-json\/wp\/v2\/categories?post=25613"},{"taxonomy":"post_tag","embeddable":true,"href":"https:\/\/mussicom.com\/noticias\/wp-json\/wp\/v2\/tags?post=25613"}],"curies":[{"name":"wp","href":"https:\/\/api.w.org\/{rel}","templated":true}]}}