{"id":25582,"date":"2025-06-09T02:03:00","date_gmt":"2025-06-09T05:03:00","guid":{"rendered":"https:\/\/mussicom.com\/o-que-disseram-os-parlamentares-na-discussao-da-lei-antipiadas\/"},"modified":"2025-06-09T02:03:00","modified_gmt":"2025-06-09T05:03:00","slug":"o-que-disseram-os-parlamentares-na-discussao-da-lei-antipiadas","status":"publish","type":"post","link":"https:\/\/mussicom.com\/noticias\/o-que-disseram-os-parlamentares-na-discussao-da-lei-antipiadas\/","title":{"rendered":"O que disseram os parlamentares na discuss\u00e3o da lei antipiadas"},"content":{"rendered":"<p> <br \/>\n<\/p>\n<div>\n<p class=\"postParagraph_post-paragraph__juWZN\">Em abril de 2015, o Atl\u00e9tico Mineiro derrotou o Cruzeiro por 2 a 0, com dois gols do atacante Lucas Pratto. Horas depois, o zagueiro Jemerson, do Atl\u00e9tico, publicou no Instagram uma foto com o her\u00f3i da partida. Em meio a dezenas de coment\u00e1rios positivos, um internauta chamou a aten\u00e7\u00e3o por ter feito coment\u00e1rios racistas: chamou o jogador de &#8220;macaco&#8221; e disse que ele deveria voltar &#8220;pra senzala&#8221;.<\/p>\n<p class=\"postParagraph_post-paragraph-innerHtml__Q5vwc\">Dez anos depois, o epis\u00f3dio passou a estar diretamente relacionado \u00e0 condena\u00e7\u00e3o do comediante L\u00e9o Lins, que recebeu uma senten\u00e7a de oito anos e dois meses de pris\u00e3o por ter feito piadas que a Justi\u00e7a considerou discriminat\u00f3rias. \u00a0<\/p>\n<p class=\"postParagraph_post-paragraph-innerHtml__Q5vwc\">O caso Jemerson motivou a deputada federal Tia Eron (PRB-BA) a apresentar um projeto de lei que equiparava a inj\u00faria racial ao crime de racismo. A proposta, o PL 1749\/2015, tinha a coautoria do deputado Bebeto (PSB-BA).\u00a0\u00a0<\/p>\n<p class=\"postParagraph_post-paragraph-innerHtml__Q5vwc\">A ideia era endurecer a pena para quem proferisse xingamentos racistas. A pena passaria de um a tr\u00eas anos para de dois a cinco anos de pris\u00e3o nos casos em que a ofensa fosse feita diante de outras pessoas \u2014 inclusive nas redes sociais.\u00a0\u00a0<\/p>\n<p class=\"postParagraph_post-paragraph-innerHtml__Q5vwc\">O texto estabelecia que uma inj\u00faria racial cometida em p\u00fablico tem como v\u00edtima a coletividade do grupo atingido, e n\u00e3o apenas o indiv\u00edduo que \u00e9 alvo da ofensa. Com isso, n\u00e3o s\u00f3 a pena se tornaria maior, mas tamb\u00e9m n\u00e3o seria preciso que a pessoa alvo da ofensa prestasse queixa. O Minist\u00e9rio P\u00fablico poderia, em nome da coletividade, processar o autor da inj\u00faria.\u00a0 \u00a0<br \/>\u00a0<br \/>Foi o que aconteceu no caso de L\u00e9o Lins.\u00a0\u00a0<\/p>\n<p class=\"postParagraph_post-paragraph__juWZN\">A proposi\u00e7\u00e3o original foi modificada no Senado e passou a incluir uma cl\u00e1usula que aumentava a pena para quem cometesse \u201cracismo recreativo\u201d. Tanto os senadores quanto os deputados aprovaram esta vers\u00e3o do texto. Ou seja: \u00e9 mais grave cometer uma inj\u00faria racial em tom humor\u00edstico do que xingar algu\u00e9m a s\u00e9rio.<\/p>\n<p class=\"postParagraph_post-paragraph-innerHtml__Q5vwc\">Os debates da \u00e9poca em que a proposta foi votada pelo Congresso deixam claro que os parlamentares n\u00e3o deram aten\u00e7\u00e3o ao risco de que a regra fosse usada para punir comediantes de forma desproporcional (a pena de L\u00e9o Lins \u00e9 maior que a de alguns assassinos).\u00a0\u00a0\u00a0<\/p>\n<p class=\"postParagraph_post-paragraph-innerHtml__Q5vwc\">A <strong>Gazeta do Povo<\/strong> preparou um resumo de quem disse o qu\u00ea nessa discuss\u00e3o.<\/p>\n<h2 class=\"postParagraph_post-paragraph-innerHtml__Q5vwc postParagraph_type-tag-h2__TtFkT\"><strong>28 de maio de 2015<\/strong><\/h2>\n<p class=\"postParagraph_post-paragraph-innerHtml__Q5vwc\">Os deputados Tia Eron (Republicanos-BA) e Bebeto (PSB-BA) apresentam o projeto de lei.\u00a0<\/p>\n<blockquote class=\"postQuote_post-quote-container__KXTpH\">\n<div class=\"postQuote_post-quote-content__wp4c4\">\n<p>A inj\u00faria racial, quando praticada em locais p\u00fablicos ou privados abertos ao p\u00fablico de uso coletivo e nas redes sociais, atinge a honra de toda uma coletividade de pessoas que compartilham a mesma cor, ra\u00e7a ou etnia ou proced\u00eancia nacional, porquanto atenta contra os princ\u00edpios b\u00e1sicos de civilidade.\u00a0<\/p>\n<p><cite>Deputados Tia Eron (Republicanos-BA) e Bebeto (PSB-BA)\u00a0<\/cite><\/div>\n<\/blockquote>\n<h2 class=\"postParagraph_post-paragraph-innerHtml__Q5vwc postParagraph_type-tag-h2__TtFkT\"><strong>29 de novembro de 2021<\/strong>\u00a0<\/h2>\n<p class=\"postParagraph_post-paragraph-innerHtml__Q5vwc\">Depois de anos parada, a proposta avan\u00e7a. O deputado Antonio Brito (PSD-BA), relator do projeto, apresenta uma vers\u00e3o ligeiramente modificada do projeto.\u00a0<\/p>\n<blockquote class=\"postQuote_post-quote-container__KXTpH\">\n<div class=\"postQuote_post-quote-content__wp4c4\">\n<p>Com efeito, quando a inj\u00faria racial, ainda que dirigida a uma\u00a0<br \/>pessoa espec\u00edfica, \u00e9 realizada em locais p\u00fablicos ou abertos ao p\u00fablico, ou nas\u00a0<br \/>redes sociais, n\u00e3o h\u00e1 d\u00favidas de que a ofensa extrapola a honra da v\u00edtima,\u00a0<br \/>atingindo toda uma coletividade.\u00a0<\/p>\n<p><cite>Deputado Antonio Brito (PSD-BA)\u00a0<\/cite><\/div>\n<\/blockquote>\n<h2 class=\"postParagraph_post-paragraph-innerHtml__Q5vwc postParagraph_type-tag-h2__TtFkT\"><strong>30 de novembro de 2021<\/strong>\u00a0<\/h2>\n<p class=\"postParagraph_post-paragraph-innerHtml__Q5vwc\">A C\u00e2mara discute e aprova, com apenas 17 votos contr\u00e1rios, o projeto de lei que equipara a inj\u00faria racial ao racismo. O NOVO \u00e9 o \u00fanico partido a se pronunciar contra a proposta.\u00a0<\/p>\n<blockquote class=\"postQuote_post-quote-container__KXTpH\">\n<div class=\"postQuote_post-quote-content__wp4c4\">\n<p>O racismo mata. Ele mata literalmente, mas tamb\u00e9m vai matando simbolicamente\u00a0<\/p>\n<p><cite>Erika Kokay (PT-DF)\u00a0<\/cite><\/div>\n<\/blockquote>\n<blockquote class=\"postQuote_post-quote-container__KXTpH\">\n<div class=\"postQuote_post-quote-content__wp4c4\">\n<p>Muitos que fazem charges cometem ofensas, inj\u00farias, crime de racismo, e acham que n\u00e3o est\u00e3o cometendo. Isso ocorre, por exemplo, quando dizem que ind\u00edgena n\u00e3o pode usar iPhone, porque deixaria sua identidade; quando dizem que ind\u00edgena n\u00e3o pode usar um Nike ou um notebook.<\/p>\n<p><cite>Deputada Joenia Wapichana (Rede-RR)\u00a0<\/cite><\/div>\n<\/blockquote>\n<blockquote class=\"postQuote_post-quote-container__KXTpH\">\n<div class=\"postQuote_post-quote-content__wp4c4\">\n<p>N\u00f3s entendemos que o crime contra a honra, que \u00e9 a inj\u00faria, n\u00e3o pode ser coletivo. Ele \u00e9 um direito subjetivo. Por isso, n\u00e3o tem como ser a v\u00edtima a coletividade\u00a0<br \/>\u00a0<\/p>\n<p><cite>Gilson Marques (NOVO-SC)<\/cite><\/div>\n<\/blockquote>\n<h2 class=\"postParagraph_post-paragraph-innerHtml__Q5vwc postParagraph_type-tag-h2__TtFkT\"><strong>18 de maio de 2022 (manh\u00e3)<\/strong>\u00a0<\/h2>\n<p class=\"postParagraph_post-paragraph-innerHtml__Q5vwc\">No Senado, Paulo Paim (PT-RS) \u00e9 escolhido como relator da proposta e acrescenta uma \u201ccl\u00e1usula anti-humor\u201d: se a inj\u00faria racial for cometida em tom humor\u00edstico, a pena \u00e9 aumentada em um ter\u00e7o.\u00a0<\/p>\n<blockquote class=\"postQuote_post-quote-container__KXTpH\">\n<div class=\"postQuote_post-quote-content__wp4c4\">\n<p>Para dar resposta a essa viol\u00eancia psicol\u00f3gica, que contribui para gerar baixa autoestima em crian\u00e7as e jovens, prop\u00f5e-se o racismo recreativo como causa de aumento dos crimes de racismo\u00a0<\/p>\n<p><cite>Senador Paulo Paim (PT-RS)\u00a0<\/cite><\/div>\n<\/blockquote>\n<h2 class=\"postParagraph_post-paragraph-innerHtml__Q5vwc postParagraph_type-tag-h2__TtFkT\"><strong>18 de maio de 2022 (tarde e noite)<\/strong>\u00a0<\/h2>\n<p class=\"postParagraph_post-paragraph-innerHtml__Q5vwc\">Sem votos contr\u00e1rios, o plen\u00e1rio do Senado aprova vers\u00e3o de Paulo Paim. Parlamentares de direita elogiam o texto. Wellington Fagundes (PL-MT) ignora o tema em discuss\u00e3o.\u00a0<br \/>\u00a0<\/p>\n<blockquote class=\"postQuote_post-quote-container__KXTpH\">\n<div class=\"postQuote_post-quote-content__wp4c4\">\n<p>Quero dar ao Senador Paim os parab\u00e9ns pelo relat\u00f3rio\u00a0<\/p>\n<p><cite>Carlos Viana (PL-MG)<\/cite><\/div>\n<\/blockquote>\n<p class=\"postParagraph_post-paragraph-innerHtml__Q5vwc\">\u00a0\u00a0<\/p>\n<blockquote class=\"postQuote_post-quote-container__KXTpH\">\n<div class=\"postQuote_post-quote-content__wp4c4\">\n<p>Parab\u00e9ns ao senador Paulo Paim por mais um gola\u00e7o\u00a0<\/p>\n<p><cite>Senador Eduardo Gir\u00e3o (Podemos-CE, hoje no NOVO)\u00a0\u00a0\u00a0<\/cite><\/div>\n<\/blockquote>\n<blockquote class=\"postQuote_post-quote-container__KXTpH\">\n<div class=\"postQuote_post-quote-content__wp4c4\">\n<p>Eu queria pedir autoriza\u00e7\u00e3o a Vossa Excel\u00eancia para registrar aqui um tr\u00e1gico acidente ocorrido no meu Estado, na BR-163, pr\u00f3xima a Sorriso, Lucas do Rio Verde\u00a0<\/p>\n<p>\u00a0<\/p>\n<p><cite>Senador Wellington Fagundes (PL-MT)\u00a0<\/cite><\/div>\n<\/blockquote>\n<blockquote class=\"postQuote_post-quote-container__KXTpH\">\n<div class=\"postQuote_post-quote-content__wp4c4\">\n<p>Meus cumprimentos ao senador Paulo Paim e um cumprimento especial \u00e0 minha querida amiga deputada Tia Eron pela mat\u00e9ria que, anteriormente, foi aprovada por esta Casa. \u00a0<\/p>\n<p><cite>Senador Eduardo Gomes (PL-TO)\u00a0<\/cite><\/div>\n<\/blockquote>\n<h2 class=\"postParagraph_post-paragraph-innerHtml__Q5vwc postParagraph_type-tag-h2__TtFkT\"><strong>7 de dezembro de 2022<\/strong>\u00a0<\/h2>\n<p class=\"postParagraph_post-paragraph-innerHtml__Q5vwc\">Como a proposta foi alterada pelo Senado, o texto voltou para a C\u00e2mara para uma segunda vota\u00e7\u00e3o. Os deputados n\u00e3o modificaram o texto, que foi aprovado de forma simb\u00f3lica e com orienta\u00e7\u00e3o favor\u00e1vel do governo (ainda sob Jair Bolsonaro).\u00a0<\/p>\n<blockquote class=\"postQuote_post-quote-container__KXTpH\">\n<div class=\"postQuote_post-quote-content__wp4c4\">\n<p>Somos pela aprova\u00e7\u00e3o das altera\u00e7\u00f5es efetuadas na mat\u00e9ria constantes do substitutivo do Senado Federal ao projeto de lei.\u00a0<\/p>\n<p><cite>Antonio Brito (PSD-BA), relator do projeto na C\u00e2mara\u00a0<\/cite><\/div>\n<\/blockquote>\n<blockquote class=\"postQuote_post-quote-container__KXTpH\">\n<div class=\"postQuote_post-quote-content__wp4c4\">\n<p>\u00c9 muito importante que este projeto seja aprovado, porque, como aqui j\u00e1 foi dito, muitas vezes essas a\u00e7\u00f5es coletivas que se expressam como racismo estrutural em manifesta\u00e7\u00f5es em espa\u00e7os coletivos ficam sem qualquer tipo de puni\u00e7\u00e3o, de tipifica\u00e7\u00e3o.\u00a0 <\/p>\n<p><cite><\/p>\n<p>Deputada Jandira Feghali (PCdoB-RJ)\u00a0<\/p>\n<p><\/cite><\/div>\n<\/blockquote>\n<blockquote class=\"postQuote_post-quote-container__KXTpH\">\n<div class=\"postQuote_post-quote-content__wp4c4\">\n<p>Muitas pessoas, quando se veem com centenas ao seu lado, sentem-se encorajadas a atacar covardemente outras pessoas, independentemente de credo, etnia ou time de futebol. Ent\u00e3o, temos que frear esse tipo de inj\u00faria racial.\u00a0<br \/>\u00a0<\/p>\n<p><cite>Deputado Bibo Nunes (PL-RS)<\/cite><\/div>\n<\/blockquote>\n<blockquote class=\"postQuote_post-quote-container__KXTpH\">\n<div class=\"postQuote_post-quote-content__wp4c4\">\n<p> Deputado Antonio Brito, n\u00f3s temos que entender que, um dia, n\u00e3o vamos precisar mais discutir essas mat\u00e9rias, porque, finalmente, homens e mulheres de todas as cores, de todas as ra\u00e7as, de todas as religi\u00f5es, ser\u00e3o definitivamente iguais perante a lei. Parab\u00e9ns pelo relat\u00f3rio!\u00a0\u00a0<\/p>\n<p><cite>Deputada Soraya Santos (PL-RJ), falando em nome da lideran\u00e7a do seu partido\u00a0<\/cite><\/div>\n<\/blockquote>\n<blockquote class=\"postQuote_post-quote-container__KXTpH\">\n<div class=\"postQuote_post-quote-content__wp4c4\">\n<p>O NOVO reconhece a gravidade ainda do racismo no Brasil e que devemos ter pol\u00edticas p\u00fablicas de enfrentamento a isso. Agora, como um partido que defende veementemente a liberdade de express\u00e3o, n\u00f3s acreditamos que n\u00e3o dever\u00edamos ter crimes de opini\u00e3o neste pa\u00eds.\u00a0<\/p>\n<p><cite>Tiago Mitraud (NOVO-MG)\u00a0\u00a0<\/cite><\/div>\n<\/blockquote>\n<h2 class=\"postParagraph_post-paragraph-innerHtml__Q5vwc postParagraph_type-tag-h2__TtFkT\"><strong>11 de janeiro de 2023<\/strong>\u00a0<\/h2>\n<p class=\"postParagraph_post-paragraph-innerHtml__Q5vwc\">A lei 14532\/2023 entra em vigor.\u00a0<\/p>\n<blockquote class=\"postQuote_post-quote-container__KXTpH\">\n<div class=\"postQuote_post-quote-content__wp4c4\">\n<p>Fa\u00e7o saber que o Congresso Nacional decreta e eu sanciono a seguinte lei\u2026\u00a0<\/p>\n<p><cite>Presidente Luiz In\u00e1cio Lula da Silva\u00a0<\/cite><\/div>\n<\/blockquote>\n<\/div>\n<p><br \/>\n<br \/>Fonte: <a href=\"https:\/\/www.gazetadopovo.com.br\/ideias\/parlamentares-discussao-lei-antipiadas\/\">Revista Oeste<\/a><\/p>\n","protected":false},"excerpt":{"rendered":"<p>Em abril de 2015, o Atl\u00e9tico Mineiro derrotou o Cruzeiro por 2 a 0, com dois gols do atacante Lucas Pratto. Horas depois, o zagueiro Jemerson, do Atl\u00e9tico, publicou no Instagram uma foto com o her\u00f3i da partida. Em meio a dezenas de coment\u00e1rios positivos, um internauta chamou a aten\u00e7\u00e3o por ter feito coment\u00e1rios racistas: [&hellip;]<\/p>\n","protected":false},"author":5,"featured_media":25584,"comment_status":"open","ping_status":"open","sticky":false,"template":"","format":"standard","meta":{"_seopress_robots_primary_cat":"","_seopress_titles_title":"","_seopress_titles_desc":"","_seopress_robots_index":"","footnotes":""},"categories":[1],"tags":[],"class_list":["post-25582","post","type-post","status-publish","format-standard","has-post-thumbnail","hentry","category-ultimas-noticias"],"_links":{"self":[{"href":"https:\/\/mussicom.com\/noticias\/wp-json\/wp\/v2\/posts\/25582","targetHints":{"allow":["GET"]}}],"collection":[{"href":"https:\/\/mussicom.com\/noticias\/wp-json\/wp\/v2\/posts"}],"about":[{"href":"https:\/\/mussicom.com\/noticias\/wp-json\/wp\/v2\/types\/post"}],"author":[{"embeddable":true,"href":"https:\/\/mussicom.com\/noticias\/wp-json\/wp\/v2\/users\/5"}],"replies":[{"embeddable":true,"href":"https:\/\/mussicom.com\/noticias\/wp-json\/wp\/v2\/comments?post=25582"}],"version-history":[{"count":0,"href":"https:\/\/mussicom.com\/noticias\/wp-json\/wp\/v2\/posts\/25582\/revisions"}],"wp:featuredmedia":[{"embeddable":true,"href":"https:\/\/mussicom.com\/noticias\/wp-json\/wp\/v2\/media\/25584"}],"wp:attachment":[{"href":"https:\/\/mussicom.com\/noticias\/wp-json\/wp\/v2\/media?parent=25582"}],"wp:term":[{"taxonomy":"category","embeddable":true,"href":"https:\/\/mussicom.com\/noticias\/wp-json\/wp\/v2\/categories?post=25582"},{"taxonomy":"post_tag","embeddable":true,"href":"https:\/\/mussicom.com\/noticias\/wp-json\/wp\/v2\/tags?post=25582"}],"curies":[{"name":"wp","href":"https:\/\/api.w.org\/{rel}","templated":true}]}}