{"id":25558,"date":"2025-06-08T20:31:36","date_gmt":"2025-06-08T23:31:36","guid":{"rendered":"https:\/\/mussicom.com\/praia-grande-sp-orienta-moradores-sobre-arvores-nas-calcadas-e-descarte-correto-de-lixo\/"},"modified":"2025-06-08T20:31:36","modified_gmt":"2025-06-08T23:31:36","slug":"praia-grande-sp-orienta-moradores-sobre-arvores-nas-calcadas-e-descarte-correto-de-lixo","status":"publish","type":"post","link":"https:\/\/mussicom.com\/noticias\/praia-grande-sp-orienta-moradores-sobre-arvores-nas-calcadas-e-descarte-correto-de-lixo\/","title":{"rendered":"Praia Grande\/SP orienta moradores sobre \u00e1rvores nas cal\u00e7adas e descarte correto de lixo"},"content":{"rendered":"<p> <br \/>\n<\/p>\n<div id=\"texto\">\n<p>A Prefeitura de Praia Grande come\u00e7a uma a\u00e7\u00e3o em \u00a0busca da conscientiza\u00e7\u00e3o dos moradores sobre descarte incorreto de \u00a0lixo e o plantio de \u00e1rvores nas cal\u00e7adas. T\u00e9cnicos da Secretaria de \u00a0Servi\u00e7os Urbanos (Sesurb) est\u00e3o percorrendo os locais mais cr\u00edticos \u00a0para panfletar e esclarecer os moradores sobre os servi\u00e7os dispon\u00edveis \u00a0no Munic\u00edpio. A oportunidade serve tamb\u00e9m para orientar sobre os tipos \u00a0corretos de \u00e1rvores que n\u00e3o provocam transtornos com o tempo. A a\u00e7\u00e3o \u00a0n\u00e3o tem previs\u00e3o para acabar.<\/p>\n<p>\u00a0<\/p>\n<p>O trabalho come\u00e7ou pela regi\u00e3o dos bairros Gl\u00f3ria e Vila S\u00f4nia, no \u00a0entorno da Avenida do Trabalhador. Os moradores s\u00e3o orientados sobre \u00a0os servi\u00e7os de coleta domiciliar, rapa-treco, coleta seletiva e a \u00a0disposi\u00e7\u00e3o dos Ecopontos. Quando n\u00e3o encontram ningu\u00e9m em casa, um \u00a0panfleto com o resumo dos servi\u00e7os \u00e9 deixado no local. O objetivo \u00e9 \u00a0diminuir o descarte irregular nas ruas e terrenos da Cidade.<\/p>\n<p>\u00a0<\/p>\n<p>De acordo com o subsecret\u00e1rio de Res\u00edduos e \u00c1reas Verdes da (Sesurb), \u00a0Marcelus Cond\u00e9 Machado, o trabalho busca conscientizar a popula\u00e7\u00e3o \u00a0para respeitar os hor\u00e1rios e datas dos servi\u00e7os. \u201cEstamos tentando \u00a0fazer da forma antiga, visitando casa por casa.<\/p>\n<p>\u00a0<\/p>\n<p>Esperamos que assim \u00a0mais pessoas conhe\u00e7am os servi\u00e7os e os utilizem da forma correta, e \u00a0assim diminua os transtornos causados pelo ac\u00famulo de lixo nas ruas\u201d.<\/p>\n<p>\u00a0<\/p>\n<p><strong>Servi\u00e7os \u2013 <\/strong>Praia Grande conta com servi\u00e7os variados, criados \u00a0especialmente para a popula\u00e7\u00e3o descartar seus res\u00edduos de forma \u00a0correta. Al\u00e9m da coleta de lixo domiciliar, que passa nos bairros tr\u00eas \u00a0vezes por semana, o Munic\u00edpio conta com Coleta Seletiva e Rapa-Treco \u00a0com cronograma definido em cada bairro.<\/p>\n<p>\u00a0<\/p>\n<p>Os Ecopontos funcionam de segunda a sexta-feira, das 8h \u00e0s 17h, e aos \u00a0s\u00e1bados, das 9h \u00e0s 15h. Outras informa\u00e7\u00f5es podem ser obtidas na Carta \u00a0de Servi\u00e7os, dispon\u00edvel no site (www.praiagrande.sp.gov.br).<\/p>\n<\/p><\/div>\n<p><script async defer crossorigin=\"anonymous\" src=\"https:\/\/connect.facebook.net\/pt_BR\/sdk.js#xfbml=1&#038;version=v12.0&#038;appId=&#038;autoLogAppEvents=1\" nonce=\"ou0fI1lo\"><\/script><br \/>\n<br \/><br \/>\n<br \/>Fonte: <a href=\"https:\/\/www.bs9.com.br\/litoral\/praia-grandesp-orienta-moradores-sobre-arvores-nas-calcadas-e\/32334\/\">BS9<\/a><\/p>\n","protected":false},"excerpt":{"rendered":"<p>A Prefeitura de Praia Grande come\u00e7a uma a\u00e7\u00e3o em \u00a0busca da conscientiza\u00e7\u00e3o dos moradores sobre descarte incorreto de \u00a0lixo e o plantio de \u00e1rvores nas cal\u00e7adas. T\u00e9cnicos da Secretaria de \u00a0Servi\u00e7os Urbanos (Sesurb) est\u00e3o percorrendo os locais mais cr\u00edticos \u00a0para panfletar e esclarecer os moradores sobre os servi\u00e7os dispon\u00edveis \u00a0no Munic\u00edpio. A oportunidade serve tamb\u00e9m [&hellip;]<\/p>\n","protected":false},"author":5,"featured_media":25559,"comment_status":"open","ping_status":"open","sticky":false,"template":"","format":"standard","meta":{"_seopress_robots_primary_cat":"","_seopress_titles_title":"","_seopress_titles_desc":"","_seopress_robots_index":"","footnotes":""},"categories":[52],"tags":[],"class_list":["post-25558","post","type-post","status-publish","format-standard","has-post-thumbnail","hentry","category-santoseregiao"],"_links":{"self":[{"href":"https:\/\/mussicom.com\/noticias\/wp-json\/wp\/v2\/posts\/25558","targetHints":{"allow":["GET"]}}],"collection":[{"href":"https:\/\/mussicom.com\/noticias\/wp-json\/wp\/v2\/posts"}],"about":[{"href":"https:\/\/mussicom.com\/noticias\/wp-json\/wp\/v2\/types\/post"}],"author":[{"embeddable":true,"href":"https:\/\/mussicom.com\/noticias\/wp-json\/wp\/v2\/users\/5"}],"replies":[{"embeddable":true,"href":"https:\/\/mussicom.com\/noticias\/wp-json\/wp\/v2\/comments?post=25558"}],"version-history":[{"count":0,"href":"https:\/\/mussicom.com\/noticias\/wp-json\/wp\/v2\/posts\/25558\/revisions"}],"wp:featuredmedia":[{"embeddable":true,"href":"https:\/\/mussicom.com\/noticias\/wp-json\/wp\/v2\/media\/25559"}],"wp:attachment":[{"href":"https:\/\/mussicom.com\/noticias\/wp-json\/wp\/v2\/media?parent=25558"}],"wp:term":[{"taxonomy":"category","embeddable":true,"href":"https:\/\/mussicom.com\/noticias\/wp-json\/wp\/v2\/categories?post=25558"},{"taxonomy":"post_tag","embeddable":true,"href":"https:\/\/mussicom.com\/noticias\/wp-json\/wp\/v2\/tags?post=25558"}],"curies":[{"name":"wp","href":"https:\/\/api.w.org\/{rel}","templated":true}]}}